{"id":91937,"date":"2013-03-23T00:00:00","date_gmt":"2013-03-23T00:00:00","guid":{"rendered":"https:\/\/iumsonline.cloud\/2013\/03\/23\/lunion-internationale-des-savants-musulmans-congratule-le-pape-du-vatican\/"},"modified":"2013-03-23T00:00:00","modified_gmt":"2013-03-23T00:00:00","slug":"lunion-internationale-des-savants-musulmans-congratule-le-pape-du-vatican","status":"publish","type":"post","link":"https:\/\/iumsonline.cloud\/fr\/2013\/03\/23\/lunion-internationale-des-savants-musulmans-congratule-le-pape-du-vatican\/","title":{"rendered":"L\u2019Union Internationale des Savants Musulmans congratule le Pape du Vatican."},"content":{"rendered":"<p>L\u2019Union Internationale des Savants Musulmans congratule le Pape du Vatican, et lui souhaite d\u2019avoir un r\u00f4le en \u00e9tablissant les valeurs de tol\u00e9rance et de paix. L\u2019Union l&#8217;invite \u00e0 converger le discours, tant dans les valeurs communes entre les religions, que face \u00e0 l&#8217;injustice et la tyrannie en Syrie, en Palestine et dans d\u2019autre r\u00e9gions.<\/p>\n<p>L\u2019Union Internationale des Savants Musulmans a re\u00e7u avec grand contentement les nouvelles de la nomination du Pape Fran\u00e7ois 1er, Pape de l\u2019\u00c9glise Catholique, dans une p\u00e9riode ou le monde souffre d\u2019une multitude de crises, touchant divers domaines de notre vie ; politiques, sociales, \u00e9conomiques et humanitaires ; la majorit\u00e9 de ces troubles sont caus\u00e9es par la d\u00e9g\u00e9n\u00e9rescence de la morale, et la contumace de nous r\u00e9f\u00e9rer au bon sens, et aux hautes valeurs spirituelles. De plus le monde est t\u00e9moin de plusieurs cruaut\u00e9s immorales, comme la violation de la d\u00e9f\u00e9rence et des droits de l&#8217;homme en Palestine, d\u2019antan et jusqu\u2019\u00e0 nos jours; et r\u00e9cemment en Syrie, ces actes de brutalit\u00e9, d\u2019atrocit\u00e9 et de barbarie commises par le r\u00e9gime inhumain de Bashar et de ses alli\u00e9s, sans pr\u00e9c\u00e8dent dans l\u2019histoire qu\u2019aux temps des Mongols, Tatars, et Gengis Khan.<\/p>\n<p>Face \u00e0 ces faits douloureux l&#8217;Union Internationale des Savants Musulmans consid\u00e8re comme suit :\u00a0<\/p>\n<p>D&#8217;abord\u00a0: l&#8217;Union Internationale des Savants Musulmans, (sa Pr\u00e9sidence, son Secr\u00e9tariat, son Conseil d&#8217;administration, ses comit\u00e9s et ses commissions) f\u00e9licite le Pape Fran\u00e7ois 1er pour sa nomination \u00e0 ce poste grandiose, lui souhaite le succ\u00e8s dans un r\u00f4le influent pour consolider la tol\u00e9rance, la paix et pour contribuer \u00e0 rendre la s\u00e9curit\u00e9 et la suret\u00e9 aux r\u00e9gions ravag\u00e9es par les criminels et les tyrans qui ont propag\u00e9s le terrorisme et la tuerie. Elle lui souhaite pleine de r\u00e9ussite en sa d\u00e9termination \u00e0 aider les pauvres, les d\u00e9savantag\u00e9s et les personnes d\u00e9plac\u00e9es. L&#8217;Union consid\u00e8re que l\u2019\u00e8re de relations glacial avec l\u2019ancien Pape, de par son avis vis-\u00e0-vis l&#8217;Islam a fini, nous voudrions entamer une nouvelle page avec le nouveau Pape.<\/p>\n<p>Deuxi\u00e8mement\u00a0: l&#8217;Union souligne que les trois religions monoth\u00e9istes : (le Juda\u00efsme, le Christianisme et l&#8217;Islam) contiennent une multitude de grands et supr\u00eames principes \u00e9thiques et de valeurs, nous pourrions, l&#8217;Union Internationale des Savants Musulmans avec le Vatican et les repr\u00e9sentants de religions, \u00e9laborer un dialogue s\u00e9rieux en but de contribuer constructivement \u00e0 \u00e9tablir des valeurs de foi, de tol\u00e9rance et de coop\u00e9ration et de pi\u00e9t\u00e9, dans notre monde perturb\u00e9; et travailler \u00e0 r\u00e9aliser la suret\u00e9 et la paix psychologique et spirituelle, et aussi la qui\u00e9tude sociale et humanitaire de ces peuples. On doit ensemble offrir un syst\u00e8me int\u00e9gr\u00e9 de valeurs morales, traitant les sujets humanitaires sociaux, politiques, et \u00e9conomiques, et faire face \u00e0 l&#8217;injustice et \u00e0 la tyrannie, le sabotage et contre toute humiliation envers tout homme, rendre les droits l\u00e9gitimes \u00e0 ses possesseurs en Palestine, en Syrie et en d&#8217;autre r\u00e9gions. On doit nous affrontait face \u00e0 l&#8217;ath\u00e9isme et au d\u00e9sordre morale, l&#8217;avortement et quelques valeurs qui sont incorpor\u00e9es dans le domaine du mariage. Nous avons de larges perspectives, beaucoup de domaines, o\u00f9 nous pourrions travailler ensemble, de par notre responsabilit\u00e9 religieuse \u00e0 servir l&#8217;humanit\u00e9, et \u00e0 r\u00e9pandre la bont\u00e9 \u00e0 tout ce qu\u2019Allah a cr\u00e9\u00e9.<\/p>\n<p>Troisi\u00e8mement\u00a0: L\u2019Union invite le nouveau Pape du Vatican, \u00e0 donner un ferme support aux droits l\u00e9gitimes des Palestiniens, des peuples Syriens et Birmanais et a tout les peuples opprim\u00e9s, en leur donnant appui et les secourir par tous les moyens qui lui sont disponibles.<\/p>\n<p>{Dis-leur :\u00a0\u00ab Accomplissez de bonnes \u0153uvres, Allah les observe, Lui et son Messager ainsi que les croyants. Vous serez ramen\u00e9s \u00e0 celui qui connait le myst\u00e8re de l\u2019invisible et du monde sensible. Il vous informera de ce que vous faisiez. \u00bb\u00a0[At-Tawbah : 105]<\/p>\n<p>Allah est Celui qui nous assiste.<\/p>\n<p>Prof.Dr.Ali Al-Karadahi\u00a0\u00a0\u00a0\u00a0\u00a0\u00a0\u00a0\u00a0\u00a0\u00a0\u00a0\u00a0\u00a0\u00a0\u00a0\u00a0\u00a0\u00a0\u00a0\u00a0\u00a0\u00a0\u00a0\u00a0\u00a0\u00a0\u00a0\u00a0\u00a0\u00a0\u00a0\u00a0\u00a0\u00a0\u00a0\u00a0\u00a0\u00a0\u00a0\u00a0\u00a0\u00a0\u00a0\u00a0\u00a0\u00a0\u00a0\u00a0\u00a0\u00a0\u00a0\u00a0\u00a0\u00a0\u00a0\u00a0\u00a0\u00a0\u00a0\u00a0\u00a0\u00a0\u00a0\u00a0\u00a0 Prof.Dr.Yusuf Qaradawi<\/p>\n<p>Secr\u00e9taire General de l\u2019Union\u00a0\u00a0\u00a0\u00a0\u00a0\u00a0\u00a0\u00a0\u00a0\u00a0\u00a0\u00a0\u00a0\u00a0\u00a0\u00a0\u00a0\u00a0\u00a0\u00a0\u00a0\u00a0\u00a0\u00a0\u00a0\u00a0\u00a0\u00a0\u00a0\u00a0\u00a0\u00a0\u00a0\u00a0\u00a0\u00a0\u00a0\u00a0\u00a0\u00a0\u00a0\u00a0\u00a0\u00a0\u00a0\u00a0\u00a0\u00a0\u00a0\u00a0\u00a0\u00a0\u00a0\u00a0\u00a0\u00a0\u00a0\u00a0\u00a0 Pr\u00e9sident de l\u2019Union<\/p>\n","protected":false},"excerpt":{"rendered":"<p>L\u2019Union Internationale des Savants Musulmans congratule le Pape du Vatican, et lui souhaite d\u2019avoir un r\u00f4le en \u00e9tablissant les valeurs de tol\u00e9rance et de paix. L\u2019Union l&#8217;invite \u00e0 converger le disco<\/p>\n","protected":false},"author":0,"featured_media":0,"comment_status":"open","ping_status":"open","sticky":false,"template":"","format":"standard","meta":{"_acf_changed":false,"footnotes":""},"categories":[415],"tags":[],"class_list":["post-91937","post","type-post","status-publish","format-standard","hentry","category-our-news-fr"],"acf":[],"_links":{"self":[{"href":"https:\/\/iumsonline.cloud\/fr\/wp-json\/wp\/v2\/posts\/91937","targetHints":{"allow":["GET"]}}],"collection":[{"href":"https:\/\/iumsonline.cloud\/fr\/wp-json\/wp\/v2\/posts"}],"about":[{"href":"https:\/\/iumsonline.cloud\/fr\/wp-json\/wp\/v2\/types\/post"}],"replies":[{"embeddable":true,"href":"https:\/\/iumsonline.cloud\/fr\/wp-json\/wp\/v2\/comments?post=91937"}],"version-history":[{"count":0,"href":"https:\/\/iumsonline.cloud\/fr\/wp-json\/wp\/v2\/posts\/91937\/revisions"}],"wp:attachment":[{"href":"https:\/\/iumsonline.cloud\/fr\/wp-json\/wp\/v2\/media?parent=91937"}],"wp:term":[{"taxonomy":"category","embeddable":true,"href":"https:\/\/iumsonline.cloud\/fr\/wp-json\/wp\/v2\/categories?post=91937"},{"taxonomy":"post_tag","embeddable":true,"href":"https:\/\/iumsonline.cloud\/fr\/wp-json\/wp\/v2\/tags?post=91937"}],"curies":[{"name":"wp","href":"https:\/\/api.w.org\/{rel}","templated":true}]}}