{"id":91932,"date":"2014-08-16T00:00:00","date_gmt":"2014-08-16T00:00:00","guid":{"rendered":"https:\/\/iumsonline.cloud\/2014\/08\/16\/erdogan-lors-dune-reunion-avec-luism-a-felicite-la-direction-du-qatar-et-confirme-debout-avec-les-problemes-du-monde-islamique-en-particulier-la-cause-palestinien\/"},"modified":"2014-08-16T00:00:00","modified_gmt":"2014-08-16T00:00:00","slug":"erdogan-lors-dune-reunion-avec-luism-a-felicite-la-direction-du-qatar-et-confirme-debout-avec-les-problemes-du-monde-islamique-en-particulier-la-cause-palestinien","status":"publish","type":"post","link":"https:\/\/iumsonline.cloud\/fr\/2014\/08\/16\/erdogan-lors-dune-reunion-avec-luism-a-felicite-la-direction-du-qatar-et-confirme-debout-avec-les-problemes-du-monde-islamique-en-particulier-la-cause-palestinien\/","title":{"rendered":"Erdogan, lors d&#8217;une r\u00e9union avec L&#8217;UISM a f\u00e9licit\u00e9 la direction du Qatar et confirm\u00e9 debout avec les probl\u00e8mes du monde islamique, en particulier la cause Palestinien"},"content":{"rendered":"<p>&nbsp;<\/p>\n<p>Erdogan, lors d&#39;une r&eacute;union avec L&#39;UISM a f&eacute;licit&eacute; la direction du Qatar et confirm&eacute; debout avec les probl&egrave;mes du monde islamique, en particulier la cause Palestinien<br \/>\n&nbsp;<\/p>\n<p>Le pr&eacute;sident &eacute;lu, M. Rajab Tayyip Erdogan, a re&ccedil;u apr&egrave;s-midi une d&eacute;l&eacute;gation de L&#39;UISM compose de Sheikh Yusuf al-Qaradawi Pr&eacute;sident de l&#39;Union et l&rsquo;Eminence le Dr. Ali&nbsp;Qara Daghi, Secr&eacute;taire g&eacute;n&eacute;ral, o&ugrave; la r&eacute;union a dur&eacute; environ une heure et demie, et a organis&eacute; un d&eacute;jeuner en l&#39;honneur de la d&eacute;l&eacute;gation. Ainsi que la d&eacute;l&eacute;gation a f&eacute;licit&eacute; le Pr&eacute;sident au nom de l&#39;UISM avec un v&oelig;u pieux et le supplication.<\/p>\n<p>&nbsp;<\/p>\n<p>&nbsp;<\/p>\n<p>&nbsp;<\/p>\n<p>La conversation a &eacute;tait sur les probl&egrave;mes de la nation et en particulier la premi&egrave;re cause &nbsp;(la Palestine) et Al-Quodos honorable, et l&#39;assaut du racisme sioniste sur la fiert&eacute; de Gaza, et les crimes commis par les sionistes sur-eux, En revanche &nbsp;les r&eacute;sistances et les r&eacute;alisations et les tournois par les h&eacute;ros de la r&eacute;siste du Hamas, Jihad islamique, Fatah et d&rsquo;autres.<\/p>\n<p>&Eacute;galement il a parl&eacute; de la trag&eacute;die du peuple syrien et les crimes du r&eacute;gime contre son propre peuple, et il a d&eacute;clar&eacute; la cause de l&#39;Irak et l&#39;excroissance de la situation politique, En plus, l&#39;organiser d&#39;un coup d&#39;Etat militaire contre la l&eacute;gitimit&eacute; en Egypte dans le monde arabe, tandis que la conversation se tourna vers la situation du monde islamique et les trag&eacute;dies en Birmanie, en Afrique centrale, et autres.<\/p>\n<p>Le pr&eacute;sident a confirm&eacute; enti&egrave;rement &agrave; toutes les causes de la nation et son soutien aux efforts d&eacute;ploy&eacute;s par les &nbsp;bienveillants de l&#39;UISM dans un communiqu&eacute; le droit et la r&eacute;conciliation, et de guider la nation vers curriculum centre mod&eacute;r&eacute;, et d&eacute;tect&eacute; les groupes excessives et d&eacute;viantes et extr&eacute;mistes, et &nbsp;garder l&#39;Islam r&eacute;v&eacute;l&eacute; par Allah Tout-Puissant est tr&egrave;s r&eacute;pandue, et d&#39;&ecirc;tre une mis&eacute;ricorde pour les mondes.<\/p>\n<p>Tandis que le pr&eacute;sident a allou&eacute; &eacute;galement Qatar et son prince, Cheikh Tamim, et son debout avec les causes de la nation, a &eacute;galement salu&eacute; le r&ocirc;le du prince p&egrave;re, et du gouvernement de Qatar et les gens magnanime.<\/p>\n<p>En revanche, la d&eacute;l&eacute;gation a remerci&eacute; les honorables positions en actes qu&#39;en paroles au Pr&eacute;sident et au peuple turc grands et les attitudes de la cause palestinienne, et se tiendrait avec la bande de Gaza, et de nobles sacrifices pour le bien des Syriens d&eacute;plac&eacute;s et des personnes d&eacute;plac&eacute;es et avec tous les probl&egrave;mes de la nation, et sceller le Pr&eacute;sident de l&#39;Union &nbsp;ce r&eacute;union par &nbsp;la supplication et la d&eacute;l&eacute;gation &agrave; Allah plus que de r&eacute;concilier du turc , peuple , pr&eacute;sident &nbsp;, et gouvernement et pour la nation islamique de l&#39;unit&eacute; , fiert&eacute; , dignit&eacute; et de conjurer les tentations, qu&rsquo; il est &agrave; la fois &eacute;vident et cach&eacute; .<\/p>\n<p>&nbsp;<\/p>\n<p>\nAllah est le conciliateur<\/p>\n<p>&nbsp;<\/p>\n<p>&nbsp;<\/p>\n<p>&nbsp;<\/p>\n<p>&nbsp;<\/p>\n<p>&nbsp;<\/p>\n","protected":false},"excerpt":{"rendered":"<p>Erdogan, lors d&#8217;une r\u00e9union avec L&#8217;UISM a f\u00e9licit\u00e9 la direction du Qatar et confirm\u00e9 debout avec les probl\u00e8mes du monde islamique, en particulier la cause Palestinien<br\/\/><br\/\/><br\/\/><\/p>\n","protected":false},"author":0,"featured_media":97875,"comment_status":"open","ping_status":"open","sticky":false,"template":"","format":"standard","meta":{"_acf_changed":false,"footnotes":""},"categories":[415],"tags":[],"class_list":["post-91932","post","type-post","status-publish","format-standard","has-post-thumbnail","hentry","category-our-news-fr"],"acf":[],"_links":{"self":[{"href":"https:\/\/iumsonline.cloud\/fr\/wp-json\/wp\/v2\/posts\/91932","targetHints":{"allow":["GET"]}}],"collection":[{"href":"https:\/\/iumsonline.cloud\/fr\/wp-json\/wp\/v2\/posts"}],"about":[{"href":"https:\/\/iumsonline.cloud\/fr\/wp-json\/wp\/v2\/types\/post"}],"replies":[{"embeddable":true,"href":"https:\/\/iumsonline.cloud\/fr\/wp-json\/wp\/v2\/comments?post=91932"}],"version-history":[{"count":0,"href":"https:\/\/iumsonline.cloud\/fr\/wp-json\/wp\/v2\/posts\/91932\/revisions"}],"wp:featuredmedia":[{"embeddable":true,"href":"https:\/\/iumsonline.cloud\/fr\/wp-json\/wp\/v2\/media\/97875"}],"wp:attachment":[{"href":"https:\/\/iumsonline.cloud\/fr\/wp-json\/wp\/v2\/media?parent=91932"}],"wp:term":[{"taxonomy":"category","embeddable":true,"href":"https:\/\/iumsonline.cloud\/fr\/wp-json\/wp\/v2\/categories?post=91932"},{"taxonomy":"post_tag","embeddable":true,"href":"https:\/\/iumsonline.cloud\/fr\/wp-json\/wp\/v2\/tags?post=91932"}],"curies":[{"name":"wp","href":"https:\/\/api.w.org\/{rel}","templated":true}]}}