{"id":91928,"date":"2014-10-14T00:00:00","date_gmt":"2014-10-14T00:00:00","guid":{"rendered":"https:\/\/iumsonline.cloud\/2014\/10\/14\/luism-condamne-les-actes-criminels-du-sionisme-et-demande-pour-le-monde-islamique-et-le-monde-libre-a-prendre-une-position-universel-le-vendredi-17-octobre-2014-ad-et-exigeants-pays-arabes-et-islam\/"},"modified":"2014-10-14T00:00:00","modified_gmt":"2014-10-14T00:00:00","slug":"luism-condamne-les-actes-criminels-du-sionisme-et-demande-pour-le-monde-islamique-et-le-monde-libre-a-prendre-une-position-universel-le-vendredi-17-octobre-2014-ad-et-exigeants-pays-arabes-et-islam","status":"publish","type":"post","link":"https:\/\/iumsonline.cloud\/fr\/2014\/10\/14\/luism-condamne-les-actes-criminels-du-sionisme-et-demande-pour-le-monde-islamique-et-le-monde-libre-a-prendre-une-position-universel-le-vendredi-17-octobre-2014-ad-et-exigeants-pays-arabes-et-islam\/","title":{"rendered":"L&#8217;UISM Condamne les actes criminels du sionisme et demande pour le monde islamique et le monde libre \u00e0 prendre une position universel, le vendredi 17 Octobre, 2014 AD et exigeants pays arabes et islamiques \u00e0 faire leur part envers la Palestine et Al-Quod"},"content":{"rendered":"<\/p>\n<p><strong>L&#8217;UISM Condamne les actes criminels du sionisme et demande pour le monde islamique et le monde libre \u00e0 prendre une position universel, le vendredi 17 Octobre, 2014 AD et exigeants pays arabes et islamiques \u00e0 faire leur part envers la Palestine et Al-Quodos, et leur alliance \u00eatre sur les causes de leur nation.<br \/><\/strong><\/p>\n<p>\u00a0<\/p>\n<p>Louange \u00e0 Allah, et paix et b\u00e9n\u00e9dictions sur le Messager d&#8217;Allah, sa famille et ses compagnons et ses alli\u00e9s (et apr\u00e8s) :<\/p>\n<p>L&#8217;UISM , Suivez avec une grande pr\u00e9occupation les \u00e9v\u00e9nements criminels escalade par les occupants sionistes de la terre de Palestine, vers la mosqu\u00e9e Al-Aqsa , comme les raids tr\u00e8s grave, et le lancement de grenades assourdissantes int\u00e9rieur de la mosqu\u00e9e qui a conduit \u00e0 la combustion de certains des tapis de la mosqu\u00e9e, Ajouter aux invitations des intrusions en cours par des groupes sionistes, qui s&#8217;\u00e9levait \u00e0 r\u00e9clamer d&#8217;ouvrir un porte pour les Juifs dans la mosqu\u00e9e al-Aqsa, il est regrettable que tout cela se passe et plus dans le silence de globale et surtout le silence arabe et islamique ! Sauf d\u00e8s le ventre de mon Seigneur.<\/p>\n<p>\u00a0<\/p>\n<p>En atmosph\u00e8re de ces actes criminels du sionisme, contre le peuple palestinien et Al-Quodos et Al-Aqsa, l&#8217;UISM Voit et confirme ce qui suit:<\/p>\n<p>1 \u2013 L&#8217;Union D\u00e9nonce pris d&#8217;assaut la mosqu\u00e9e Al-Aqsa par les occupants sionistes, et par les forces de s\u00e9curit\u00e9 isra\u00e9liennes qui ont lanc\u00e9 des grenades assourdissantes int\u00e9rieur de la mosqu\u00e9e ce qui conduit \u00e0 la combustion de certains des tapis de la mosqu\u00e9e, en m\u00eame l&#8217;Union condamnant \u00e9galement l&#8217;attaque des sionistes, sur Al-Quodos pour prot\u00e9ger leurs tentent de prendre d&#8217;assaut la mosqu\u00e9e Al-Aqsa.<\/p>\n<p>2 \u2013 L&#8217;Union Met en garde la continuation des actes criminels envers la Palestine et son juste cause, et confirme que les sionistes sont l&#8217;agresseur et l&#8217;occupant de la terre et son peuple b\u00e9ni selon les lois, les normes, et les droits international.<\/p>\n<p>3 \u2013 L&#8217;UISM Appelle tous les pays du monde et les organisations internationales \u00e0 travailler pour arr\u00eater ce crime sioniste, et arr\u00eatez le silence inexpliqu\u00e9, \u00c0 une \u00e9poque o\u00f9 le monde \u00e9tabli des alliances contre les organisations consid\u00e9r\u00e9es comme extr\u00e9mistes, tandis qu&#8217;il tenant le silence devant un occupant enfreindre les canons et les lois sans \u00eatre arr\u00eat\u00e9 par personne.<\/p>\n<p>4 \u2013 L&#8217;Union invite le monde arabe et islamique et le monde libre, d&#8217;organiser des \u00e9v\u00e9nements mondiaux pour l&#8217;appui \u00e0 la cause juste de Palestine, et prendre une position universel et gratuit rejette les attaques contre Al-Aqsa et Al-Quodos, et rejette la juda\u00efsation de Al-Quodos et Palestine, le vendredi 17 Octobre, 2014 AD, et appelle \u00e0 des pr\u00e9dicateurs de concentrer leurs sermons sur la cause de Palestine et la mosqu\u00e9e Al-Aqsa.<\/p>\n<p>5 \u2013 L&#8217;UISM Exige du dirigeants des pays arabes et islamiques \u00e0 faire leur responsabilit\u00e9 vers la cause premi\u00e8re et essentiel de la nation, qui est la cause Palestinienne, et de poursuivre les agresseurs, les occupants juridiquement et internationalement, et travaillent pour mettre fin \u00e0 ces attaques et les raids r\u00e9p\u00e9t\u00e9s, contre la mosqu\u00e9e Al-Aqsa, et les tentatives de le d\u00e9truire, ou le graver, ou l&#8217;attaque sur Al-Quodos, et l&#8217;Union se demandant : Est-ce que Al-Aqsa ne vaut pas une formation d&#8217;alliance arabe islamique humaniste , pour faire face aux attaques sionistes et r\u00e9tablir les droits du peuple palestinien et arr\u00eater l&#8217;occupation? !<\/p>\n<p>Allah est le plus grand, et la victoire pour la Palestine, et \u00e0 tous les croyants, et la honte et la d\u00e9faite pour les agresseurs.<br \/>Allah Tout-Puissant dit: {Et ne pense point qu&#8217;Allah soit inattentif \u00e0 ce que font les injustes. Il leur accordera un d\u00e9lai jusqu&#8217;au jour o\u00f9 leurs regards se figeront.}\u00a0[Sinc\u00e9rit\u00e9 Allah Tout-Puissant] ( Ibrahim \u00ab 42 \u00bb)<\/p>\n<p>Doha 14 Zou Al-HIJJA 1435 AH<br \/>Le 8 Octobre 2014 AD<\/p>\n<p><strong>DR. YUSUF AL-QUARADAWI\u00a0\u00a0\u00a0\u00a0\u00a0\u00a0\u00a0\u00a0\u00a0\u00a0\u00a0\u00a0\u00a0\u00a0\u00a0\u00a0\u00a0\u00a0\u00a0\u00a0\u00a0\u00a0\u00a0\u00a0\u00a0\u00a0\u00a0\u00a0\u00a0\u00a0\u00a0\u00a0\u00a0\u00a0\u00a0\u00a0\u00a0\u00a0\u00a0\u00a0\u00a0\u00a0\u00a0\u00a0\u00a0\u00a0\u00a0\u00a0\u00a0\u00a0\u00a0\u00a0\u00a0\u00a0\u00a0\u00a0\u00a0\u00a0\u00a0\u00a0\u00a0\u00a0\u00a0\u00a0\u00a0\u00a0\u00a0\u00a0\u00a0\u00a0\u00a0\u00a0\u00a0\u00a0\u00a0\u00a0\u00a0\u00a0\u00a0\u00a0\u00a0\u00a0\u00a0\u00a0 DR. ALI QUARA DAGHI<br \/><\/strong><\/p>\n<p><strong>PRESIDENT DE L&#8217;UNION\u00a0\u00a0\u00a0\u00a0\u00a0\u00a0\u00a0\u00a0\u00a0\u00a0\u00a0\u00a0\u00a0\u00a0\u00a0\u00a0\u00a0\u00a0\u00a0\u00a0\u00a0\u00a0\u00a0\u00a0\u00a0\u00a0\u00a0\u00a0\u00a0\u00a0\u00a0\u00a0\u00a0\u00a0\u00a0\u00a0\u00a0\u00a0\u00a0\u00a0\u00a0\u00a0\u00a0\u00a0\u00a0\u00a0\u00a0\u00a0\u00a0\u00a0\u00a0\u00a0\u00a0\u00a0\u00a0\u00a0\u00a0\u00a0\u00a0\u00a0\u00a0\u00a0\u00a0\u00a0\u00a0\u00a0\u00a0\u00a0\u00a0\u00a0\u00a0\u00a0\u00a0\u00a0\u00a0\u00a0\u00a0\u00a0\u00a0\u00a0\u00a0\u00a0\u00a0\u00a0\u00a0\u00a0\u00a0\u00a0\u00a0\u00a0 SECRETAIRE GENERALE<br \/><\/strong><\/p><\/p>\n","protected":false},"excerpt":{"rendered":"<p>L&#8217;UISM Condamne les actes criminels du sionisme et demande pour le monde islamique et le monde libre \u00e0 prendre une position universel, le vendredi 17 Octobre, 20<\/p>\n","protected":false},"author":0,"featured_media":97871,"comment_status":"open","ping_status":"open","sticky":false,"template":"","format":"standard","meta":{"_acf_changed":false,"footnotes":""},"categories":[415],"tags":[],"class_list":["post-91928","post","type-post","status-publish","format-standard","has-post-thumbnail","hentry","category-our-news-fr"],"acf":[],"_links":{"self":[{"href":"https:\/\/iumsonline.cloud\/fr\/wp-json\/wp\/v2\/posts\/91928","targetHints":{"allow":["GET"]}}],"collection":[{"href":"https:\/\/iumsonline.cloud\/fr\/wp-json\/wp\/v2\/posts"}],"about":[{"href":"https:\/\/iumsonline.cloud\/fr\/wp-json\/wp\/v2\/types\/post"}],"replies":[{"embeddable":true,"href":"https:\/\/iumsonline.cloud\/fr\/wp-json\/wp\/v2\/comments?post=91928"}],"version-history":[{"count":0,"href":"https:\/\/iumsonline.cloud\/fr\/wp-json\/wp\/v2\/posts\/91928\/revisions"}],"wp:featuredmedia":[{"embeddable":true,"href":"https:\/\/iumsonline.cloud\/fr\/wp-json\/wp\/v2\/media\/97871"}],"wp:attachment":[{"href":"https:\/\/iumsonline.cloud\/fr\/wp-json\/wp\/v2\/media?parent=91928"}],"wp:term":[{"taxonomy":"category","embeddable":true,"href":"https:\/\/iumsonline.cloud\/fr\/wp-json\/wp\/v2\/categories?post=91928"},{"taxonomy":"post_tag","embeddable":true,"href":"https:\/\/iumsonline.cloud\/fr\/wp-json\/wp\/v2\/tags?post=91928"}],"curies":[{"name":"wp","href":"https:\/\/api.w.org\/{rel}","templated":true}]}}