{"id":91901,"date":"2016-05-08T00:00:00","date_gmt":"2016-05-08T00:00:00","guid":{"rendered":"https:\/\/iumsonline.cloud\/2016\/05\/08\/le-forum-international-pour-le-travail-humanitaire-au-koweit-honore-sheikh-qara-daghi\/"},"modified":"2016-05-08T00:00:00","modified_gmt":"2016-05-08T00:00:00","slug":"le-forum-international-pour-le-travail-humanitaire-au-koweit-honore-sheikh-qara-daghi","status":"publish","type":"post","link":"https:\/\/iumsonline.cloud\/fr\/2016\/05\/08\/le-forum-international-pour-le-travail-humanitaire-au-koweit-honore-sheikh-qara-daghi\/","title":{"rendered":"Le Forum international pour le travail humanitaire au Kowe\u00eft honore Sheikh Qara Daghi"},"content":{"rendered":"<p>&nbsp;<\/p>\n<p>&laquo;&nbsp;Le Forum international pour le travail humanitaire &raquo;, a honor&eacute; Sheikh Ali Qara Daghy &#8211; Secr&eacute;taire g&eacute;n&eacute;ral de l&#39;UISM &#8211; pour ses efforts dans le domaine humanitaire et de secours &agrave; l&#39;&eacute;chelle mondiale<\/p>\n<p>Il est &agrave; noter que le quatri&egrave;me Forum international pour le travail humanitaire est actuellement d&eacute;tenu au Kowe&iuml;t sous le slogan &laquo; partenariat &#8230; force et durabilit&eacute;&quot; du 8 &agrave; 9 mai 2016 sous le patronage de SE le Vice-Premier ministre du minist&egrave;re des Affaires &eacute;trang&egrave;res du Kowe&iuml;t, Cheikh Sabah Al-Khaled Al-Hamad Al-Sabah.<\/p>\n<p>Sheikh Qara Daghy a &eacute;galement pr&eacute;sent&eacute; une recherche scientifique intitul&eacute;e &laquo; l&rsquo;enracinement de la coop&eacute;ration humanitaire, le partenariat dans le travail humanitaire du point de vue de la loi islamique&quot; &ndash; une &eacute;tude l&eacute;gitime enracin&eacute;e<\/p>\n","protected":false},"excerpt":{"rendered":"<p><br\/\/>\u00ab\u00a0Le Forum international pour le travail humanitaire \u00bb, a honor\u00e9 Sheikh<br \/>\nAli Qara Daghy &#8211; Secr\u00e9taire g\u00e9n\u00e9ral de l&#8217;UISM &#8211; pour ses efforts dans le<br \/>\ndomaine humanitaire et de secours \u00e0 l&#8217;\u00e9c<\/p>\n","protected":false},"author":0,"featured_media":50081,"comment_status":"open","ping_status":"open","sticky":false,"template":"","format":"standard","meta":{"_acf_changed":false,"footnotes":""},"categories":[415],"tags":[],"class_list":["post-91901","post","type-post","status-publish","format-standard","has-post-thumbnail","hentry","category-our-news-fr"],"acf":[],"_links":{"self":[{"href":"https:\/\/iumsonline.cloud\/fr\/wp-json\/wp\/v2\/posts\/91901","targetHints":{"allow":["GET"]}}],"collection":[{"href":"https:\/\/iumsonline.cloud\/fr\/wp-json\/wp\/v2\/posts"}],"about":[{"href":"https:\/\/iumsonline.cloud\/fr\/wp-json\/wp\/v2\/types\/post"}],"replies":[{"embeddable":true,"href":"https:\/\/iumsonline.cloud\/fr\/wp-json\/wp\/v2\/comments?post=91901"}],"version-history":[{"count":0,"href":"https:\/\/iumsonline.cloud\/fr\/wp-json\/wp\/v2\/posts\/91901\/revisions"}],"wp:featuredmedia":[{"embeddable":true,"href":"https:\/\/iumsonline.cloud\/fr\/wp-json\/wp\/v2\/media\/50081"}],"wp:attachment":[{"href":"https:\/\/iumsonline.cloud\/fr\/wp-json\/wp\/v2\/media?parent=91901"}],"wp:term":[{"taxonomy":"category","embeddable":true,"href":"https:\/\/iumsonline.cloud\/fr\/wp-json\/wp\/v2\/categories?post=91901"},{"taxonomy":"post_tag","embeddable":true,"href":"https:\/\/iumsonline.cloud\/fr\/wp-json\/wp\/v2\/tags?post=91901"}],"curies":[{"name":"wp","href":"https:\/\/api.w.org\/{rel}","templated":true}]}}