{"id":91887,"date":"2016-11-21T00:00:00","date_gmt":"2016-11-21T00:00:00","guid":{"rendered":"https:\/\/iumsonline.cloud\/2016\/11\/21\/un-projet-de-resolution-pour-empecher-la-priere-a-jerusalem-un-abus-raciste-contraire-aux-lois-et-chartes-internationales\/"},"modified":"2016-11-21T00:00:00","modified_gmt":"2016-11-21T00:00:00","slug":"un-projet-de-resolution-pour-empecher-la-priere-a-jerusalem-un-abus-raciste-contraire-aux-lois-et-chartes-internationales","status":"publish","type":"post","link":"https:\/\/iumsonline.cloud\/fr\/2016\/11\/21\/un-projet-de-resolution-pour-empecher-la-priere-a-jerusalem-un-abus-raciste-contraire-aux-lois-et-chartes-internationales\/","title":{"rendered":"Un projet de r\u00e9solution pour emp\u00eacher la pri\u00e8re \u00e0 J\u00e9rusalem Un abus raciste contraire aux lois et chartes internationales"},"content":{"rendered":"<p>Le directeur de l&#39;information dans la Fondation internationale de J&eacute;rusalem Professeur Mohammed Abu Tarbush a soulign&eacute; que le projet de d&eacute;cision d&#39;interdire la pri&egrave;re &agrave; J&eacute;rusalem est une &eacute;volution raciale terroriste, et une preuve de la politique ethnique d&#39;exclusion pratiqu&eacute;e par l&#39;occupation contre les J&eacute;rusal&eacute;mites, en consid&eacute;rant que le projet de r&eacute;solution repr&eacute;sentait un d&eacute;bouch&eacute; de lois et conventions internationales qui ont assur&eacute; la protection des lieux saints et le droit du peuple palestinien, religieux et historique, dont il a &eacute;t&eacute; confirm&eacute; par la r&eacute;cente d&eacute;cision de l&#39;UNESCO.<\/p>\n<p>&nbsp;<\/p>\n<p>Abu Tarbush a consid&eacute;r&eacute; dans une entrevue diffus&eacute;e &agrave; travers les antennes de la radio Al Irtiqa&rsquo; que cette &eacute;volution dangereuse qui affecte le droit &agrave; des pratiques religieuses et qui violent le droit international humanitaire r&eacute;v&egrave;le la v&eacute;rit&eacute; de l&#39;occupant qui est hostile aux musulmans et aux chr&eacute;tiens de J&eacute;rusalem et la Palestine occup&eacute;e de m&ecirc;me, et qui tente de diverses mani&egrave;res &agrave; oblit&eacute;rer les monuments islamiques et chr&eacute;tiennes &agrave; J&eacute;rusalem et &agrave; changer les monuments historiques d&#39;origine arabe, en valorisant la situation de l&#39;unit&eacute; et de la solidarit&eacute; musulmane et chr&eacute;tienne de J&eacute;rusalem et de la Palestine.<\/p>\n<p>&nbsp;<\/p>\n<p>Abu Tarbush a d&eacute;nonc&eacute; le cas de silence arabe et musulman sur la question de J&eacute;rusalem, de ses sites et symboles sacr&eacute;s, entre autre le cheikh de l&rsquo;Al-Aqsa Raed Salah en appelant les peuples arabes et islamiques &agrave; soutenir la question de J&eacute;rusalem et des J&eacute;rusal&eacute;mites par tous les moyens disponibles.<\/p>\n","protected":false},"excerpt":{"rendered":"<p><br\/\/><\/p>\n<p>\u00a0<\/p>\n<p>Le directeur de l&#8217;information dans la<br \/>\nFondation internationale de J\u00e9rusalem Professeur Mohammed Abu Tarbush a<br \/>\nsoulign\u00e9 que le projet de d\u00e9cision d&#8217;interdire la pri\u00e8re \u00e0 J\u00e9ru<\/p>\n","protected":false},"author":0,"featured_media":97852,"comment_status":"open","ping_status":"open","sticky":false,"template":"","format":"standard","meta":{"_acf_changed":false,"footnotes":""},"categories":[415],"tags":[],"class_list":["post-91887","post","type-post","status-publish","format-standard","has-post-thumbnail","hentry","category-our-news-fr"],"acf":[],"_links":{"self":[{"href":"https:\/\/iumsonline.cloud\/fr\/wp-json\/wp\/v2\/posts\/91887","targetHints":{"allow":["GET"]}}],"collection":[{"href":"https:\/\/iumsonline.cloud\/fr\/wp-json\/wp\/v2\/posts"}],"about":[{"href":"https:\/\/iumsonline.cloud\/fr\/wp-json\/wp\/v2\/types\/post"}],"replies":[{"embeddable":true,"href":"https:\/\/iumsonline.cloud\/fr\/wp-json\/wp\/v2\/comments?post=91887"}],"version-history":[{"count":0,"href":"https:\/\/iumsonline.cloud\/fr\/wp-json\/wp\/v2\/posts\/91887\/revisions"}],"wp:featuredmedia":[{"embeddable":true,"href":"https:\/\/iumsonline.cloud\/fr\/wp-json\/wp\/v2\/media\/97852"}],"wp:attachment":[{"href":"https:\/\/iumsonline.cloud\/fr\/wp-json\/wp\/v2\/media?parent=91887"}],"wp:term":[{"taxonomy":"category","embeddable":true,"href":"https:\/\/iumsonline.cloud\/fr\/wp-json\/wp\/v2\/categories?post=91887"},{"taxonomy":"post_tag","embeddable":true,"href":"https:\/\/iumsonline.cloud\/fr\/wp-json\/wp\/v2\/tags?post=91887"}],"curies":[{"name":"wp","href":"https:\/\/api.w.org\/{rel}","templated":true}]}}