{"id":91886,"date":"2017-02-13T00:00:00","date_gmt":"2017-02-13T00:00:00","guid":{"rendered":"https:\/\/iumsonline.cloud\/2017\/02\/13\/essam-al-bashir-president-de-lacademie-du-fiqh-islamique\/"},"modified":"2017-02-13T00:00:00","modified_gmt":"2017-02-13T00:00:00","slug":"essam-al-bashir-president-de-lacademie-du-fiqh-islamique","status":"publish","type":"post","link":"https:\/\/iumsonline.cloud\/fr\/2017\/02\/13\/essam-al-bashir-president-de-lacademie-du-fiqh-islamique\/","title":{"rendered":"Essam Al Bashir pr\u00e9sident de l\u2019Acad\u00e9mie du Fiqh islamique"},"content":{"rendered":"<\/p>\n<p>Le pr\u00e9sident soudanais Omar el-B\u00e9chir a reconduit D. Essam Al-Bashir l\u2019ancien ministre des Awqaf en tant qu\u2019un pr\u00e9sident de l&#8217;Acad\u00e9mie du Fiqh islamique au Soudan sur le rang de ministre f\u00e9d\u00e9ral \u00e0 nouveau, et le d\u00e9cret a \u00e9t\u00e9 d\u00e9clar\u00e9 r\u00e9cemment .. il se doit de mentionner que D. Essam Al Bashir est le Secr\u00e9taire g\u00e9n\u00e9ral adjoint de l&#8217;UISM, et l&#8217;un des fondateurs.<\/p>\n<\/p>\n<p>Et D. Essam Ahmed Al Bashir est un savant et un pr\u00e9dicateur soudanais, l\u2019ancien secr\u00e9taire g\u00e9n\u00e9ral du Centre mondial pour Mod\u00e9ration, l\u2019ancien ministre des dotations soudanais, il est titulaire d&#8217;un doctorat en science moderne, et Secr\u00e9taire g\u00e9n\u00e9ral du Forum des \u00e9changes de renaissance et de culture, et a \u00e9t\u00e9 nomm\u00e9 en 2012 en tant que pr\u00e9sident de l&#8217;Acad\u00e9mie de Fiqh Islamique dans la R\u00e9publique du Soudan.<\/p>\n<p>Il d\u00e9tient un baccalaur\u00e9at de : L\u2019Universit\u00e9 de L\u2019Imam Muhammad Bin Saoud islamique \u00e0 Riyad, la Facult\u00e9 de fondements de Religion et un magist\u00e8re du D\u00e9partement des sunnites et de science moderne de la Facult\u00e9 de fondements de la Religion de l&#8217;Universit\u00e9 de L\u2019Imam Muhammad Bin Saoud islamique \u00e0 Riyad \u00a0.. et un PhD: D\u00e9partement des sunnites et de la Facult\u00e9 de science moderne de l&#8217;Universit\u00e9 Omdurman islamique.<\/p>\n<p>Il a travaill\u00e9 comme professeur dans de nombreuses universit\u00e9s et a particip\u00e9 \u00e0 un grand nombre de conf\u00e9rences arabes et islamiques du monde.<\/p>\n<p>Il a \u00e9t\u00e9 l\u2019agent du D\u00e9partement europ\u00e9en pour les \u00e9tudes islamiques en France 1992- 1989.<\/p>\n<p>Membre de l&#8217;Acad\u00e9mie Islamique de Fiqh de la Ligue islamique mondiale \u00e0 La Mecque. Membre de la Commission supr\u00eame pour le Prix Prince-Naif de l&#8217;ann\u00e9e et des \u00e9tudes islamiques contemporaines. La M\u00e9dine. Membre du Conseil europ\u00e9en pour la Fatwa et la Recherche, Irlande. Membre du Conseil scientifique de la Facult\u00e9 europ\u00e9enne d&#8217;\u00e9tudes islamiques. France. Membre du Conseil d&#8217;administration de l&#8217;UISM. Liban. Membre de l&#8217;organisation International pour le service de l&#8217;Islam sur Internet. Qatar. Membre de l&#8217;Acad\u00e9mie Islamique de Fiqh. Soudan. Membre du Soudan Scholars. Membre de la Conf\u00e9rence islamique nationale de dialogue. Liban. Membre du parlement Soudanais de 1992 \u00e0 2006. Membre du Conseil supr\u00eame du Centre d&#8217;\u00e9tudes de droit. Angleterre. Membre du forum de mod\u00e9ration. Jordanie.<\/p>\n<p>Pr\u00e9sident du Comit\u00e9 d\u2019estimation et d&#8217;enracinement et membre de la pr\u00e9sidence du Conseil islamique mondiale pour la pr\u00e9dication et l\u2019aide. \u00c9gypte. Pr\u00e9sident du Conseil d&#8217;administration des \u0153uvres intellectuelles. Soudan. Secr\u00e9taire g\u00e9n\u00e9ral du Centre international pour la Mod\u00e9ration. Kowe\u00eft. R\u00e9cipiendaire de la M\u00e9daille de la Science et des Arts de la premi\u00e8re classe de la R\u00e9publique arabe d&#8217;\u00c9gypte en 2003. Receveur du prix du Roi Abdullah Bin Al-Hussein de savants et de pr\u00e9dicateurs en 2004, la Jordanie.<\/p><\/p>\n","protected":false},"excerpt":{"rendered":"<p><br\/\/>Le pr\u00e9sident soudanais Omar el-B\u00e9chir a reconduit D. Essam Al-Bashir l\u2019ancien ministre des Awqaf en tant qu\u2019un pr\u00e9sident de l&#8217;Acad\u00e9mie du Fiqh islamique au Soudan sur le rang de ministr<\/p>\n","protected":false},"author":0,"featured_media":39233,"comment_status":"open","ping_status":"open","sticky":false,"template":"","format":"standard","meta":{"_acf_changed":false,"footnotes":""},"categories":[415],"tags":[],"class_list":["post-91886","post","type-post","status-publish","format-standard","has-post-thumbnail","hentry","category-our-news-fr"],"acf":[],"_links":{"self":[{"href":"https:\/\/iumsonline.cloud\/fr\/wp-json\/wp\/v2\/posts\/91886","targetHints":{"allow":["GET"]}}],"collection":[{"href":"https:\/\/iumsonline.cloud\/fr\/wp-json\/wp\/v2\/posts"}],"about":[{"href":"https:\/\/iumsonline.cloud\/fr\/wp-json\/wp\/v2\/types\/post"}],"replies":[{"embeddable":true,"href":"https:\/\/iumsonline.cloud\/fr\/wp-json\/wp\/v2\/comments?post=91886"}],"version-history":[{"count":0,"href":"https:\/\/iumsonline.cloud\/fr\/wp-json\/wp\/v2\/posts\/91886\/revisions"}],"wp:featuredmedia":[{"embeddable":true,"href":"https:\/\/iumsonline.cloud\/fr\/wp-json\/wp\/v2\/media\/39233"}],"wp:attachment":[{"href":"https:\/\/iumsonline.cloud\/fr\/wp-json\/wp\/v2\/media?parent=91886"}],"wp:term":[{"taxonomy":"category","embeddable":true,"href":"https:\/\/iumsonline.cloud\/fr\/wp-json\/wp\/v2\/categories?post=91886"},{"taxonomy":"post_tag","embeddable":true,"href":"https:\/\/iumsonline.cloud\/fr\/wp-json\/wp\/v2\/tags?post=91886"}],"curies":[{"name":"wp","href":"https:\/\/api.w.org\/{rel}","templated":true}]}}