{"id":91884,"date":"2017-04-19T00:00:00","date_gmt":"2017-04-19T00:00:00","guid":{"rendered":"https:\/\/iumsonline.cloud\/2017\/04\/19\/qara-daghi-inspecte-les-conditions-des-personnes-deplacees-a-mosul-et-fait-appel-au-monde-pour-les-aider\/"},"modified":"2017-04-19T00:00:00","modified_gmt":"2017-04-19T00:00:00","slug":"qara-daghi-inspecte-les-conditions-des-personnes-deplacees-a-mosul-et-fait-appel-au-monde-pour-les-aider","status":"publish","type":"post","link":"https:\/\/iumsonline.cloud\/fr\/2017\/04\/19\/qara-daghi-inspecte-les-conditions-des-personnes-deplacees-a-mosul-et-fait-appel-au-monde-pour-les-aider\/","title":{"rendered":"Qara Daghi inspecte les conditions des personnes d\u00e9plac\u00e9es \u00e0 Mosul et fait appel au monde pour les aider"},"content":{"rendered":"<p>Qara Daghi inspecte les conditions des personnes d\u00e9plac\u00e9es \u00e0 Mosul et fait appel au monde pour les aider<\/p>\n<\/p>\n<p>Par un soutien Qatarien nous avons couvert les besoins de 16 mille m\u00e9nages :<\/p>\n<p>Qara Daghi inspecte les conditions des personnes d\u00e9plac\u00e9es \u00e0 Mosul et fait appel au monde pour les aider.<\/p>\n<p>Donner un coup de main et d&#8217;assistance aux personnes d\u00e9plac\u00e9es de Mossoul est une l\u00e9gitimit\u00e9 l\u00e9gale que nous devons tous accomplir.<\/p>\n<\/p>\n<p>Son \u00e9minence Cheikh Dr. Ali Qara Daghi Secr\u00e9taire g\u00e9n\u00e9ral de l\u2019UISM, a visit\u00e9 le camp de Narkzleh dans le Kurdistan irakien dont il est consid\u00e9r\u00e9 la ville la plus proche de la ville Mosul pour percevoir les conditions des personnes d\u00e9plac\u00e9es de Mosul, dont plus que quarante mille familles ont besoin d\u2019une aide urgente afin qu&#8217;ils puissent survivre.<\/p>\n<\/p>\n<p>Son \u00e9minence a partag\u00e9 avec les d\u00e9plac\u00e9es leurs peines et leur douleur et a examin\u00e9 leurs conditions quotidiennes d\u00e9plorables, pour se tenir de pr\u00e8s des crises qu&#8217;ils traversent, et de travailler pour reconna\u00eetre la v\u00e9rit\u00e9 des choses par sa pr\u00e9sence sur le terrain entre eux et essayer de relever ces d\u00e9fis dont ils souffrent d\u2019une fa\u00e7on permanente en raison de p\u00e9nuries alimentaires et de v\u00eatements et d&#8217;autres n\u00e9cessit\u00e9s \u00e0 la vie de tous les jours.<\/p>\n<p>Son \u00e9minence a partag\u00e9 d\u2019apr\u00e8s les citations des responsables de la r\u00e9gion du Kurdistan leurs plaintes en raison de l&#8217;absence de l&#8217;aide arabe et internationale \u00ab, en particulier \u00e0 nos fr\u00e8res et nos fr\u00e8res \u00e0 Mossoul, dont nous connaissons leur g\u00e9n\u00e9rosit\u00e9, leur vertu et indulgence, aujourd&#8217;hui, nous voyons les femmes et les enfants et les hommes attendant de leur pr\u00e9senter le secours.<\/p>\n<\/p>\n<p>De m\u00eame son \u00e9minence a appel\u00e9 les riches, les gouvernements, les organisations humanitaires et les Nations Unies et toutes les organisations de venir dans la r\u00e9gion du Kurdistan, les a tous exhort\u00e9s \u00e0 cr\u00e9er le bon endroit pour une conf\u00e9rence pour reconna\u00eetre leur statut et mettre le point sur leur v\u00e9rit\u00e9. Aussi, il a confirm\u00e9 que donner un coup de main \u00e0 leurs fr\u00e8res est une affaire l\u00e9gitime obligatoire que nous devons tous accomplir &#8230; En fin de sa tourn\u00e9e son \u00e9minence a distribu\u00e9 de la nourriture aux personnes d\u00e9plac\u00e9es de Mosul qui ne disposent que le minimum des produits m\u00e9nagers n\u00e9cessaires pour se nourrir, de v\u00eatements et d&#8217;autres qui d\u00e9montrent la difficult\u00e9 de l\u2019\u00e9tape qu&#8217;ils traversent.<\/p>\n<\/p>\n<p>Rappelons que ces donations ont \u00e9t\u00e9 offerts par des bienfaiteurs qataris qui suivent les conditions \u00e0 Mosul, o\u00f9 a \u00e9t\u00e9 b\u00e9n\u00e9vole environ seize mille familles de premiers soins pour une p\u00e9riode de vingt jours, mais il y a encore beaucoup de personnes dans le besoin dont comptent plus de quarante mille familles en plus d&#8217;autres personnes d\u00e9plac\u00e9es.<\/p>\n<\/p>\n<p>Ces \u00e9chantillons ont \u00e9t\u00e9 distribu\u00e9 par l&#8217;aide de l&#8217;Association kurde islamique, une organisation caritative islamiste dont le si\u00e8ge est en Allemagne, et qui coop\u00e9re avec les Nations Unies et les organisations internationales et qui fait son travail et en est enti\u00e8rement pr\u00eat \u00e0 recevoir la prestation de l&#8217;aide aux personnes \u00e0 besoin \u00e0 Mosul.<\/p>\n<\/p>\n<p>\u00a0<\/p><\/p>\n","protected":false},"excerpt":{"rendered":"<p>Qara Daghi inspecte les conditions des personnes d\u00e9plac\u00e9es \u00e0 Mosul et fait appel au monde pour les aider<br\/\/><br\/\/>Par un soutien Qatarien nous avons couvert les besoins de 16 m<\/p>\n","protected":false},"author":0,"featured_media":50067,"comment_status":"open","ping_status":"open","sticky":false,"template":"","format":"standard","meta":{"_acf_changed":false,"footnotes":""},"categories":[415],"tags":[],"class_list":["post-91884","post","type-post","status-publish","format-standard","has-post-thumbnail","hentry","category-our-news-fr"],"acf":[],"_links":{"self":[{"href":"https:\/\/iumsonline.cloud\/fr\/wp-json\/wp\/v2\/posts\/91884","targetHints":{"allow":["GET"]}}],"collection":[{"href":"https:\/\/iumsonline.cloud\/fr\/wp-json\/wp\/v2\/posts"}],"about":[{"href":"https:\/\/iumsonline.cloud\/fr\/wp-json\/wp\/v2\/types\/post"}],"replies":[{"embeddable":true,"href":"https:\/\/iumsonline.cloud\/fr\/wp-json\/wp\/v2\/comments?post=91884"}],"version-history":[{"count":0,"href":"https:\/\/iumsonline.cloud\/fr\/wp-json\/wp\/v2\/posts\/91884\/revisions"}],"wp:featuredmedia":[{"embeddable":true,"href":"https:\/\/iumsonline.cloud\/fr\/wp-json\/wp\/v2\/media\/50067"}],"wp:attachment":[{"href":"https:\/\/iumsonline.cloud\/fr\/wp-json\/wp\/v2\/media?parent=91884"}],"wp:term":[{"taxonomy":"category","embeddable":true,"href":"https:\/\/iumsonline.cloud\/fr\/wp-json\/wp\/v2\/categories?post=91884"},{"taxonomy":"post_tag","embeddable":true,"href":"https:\/\/iumsonline.cloud\/fr\/wp-json\/wp\/v2\/tags?post=91884"}],"curies":[{"name":"wp","href":"https:\/\/api.w.org\/{rel}","templated":true}]}}