{"id":91882,"date":"2017-07-17T00:00:00","date_gmt":"2017-07-17T00:00:00","guid":{"rendered":"https:\/\/iumsonline.cloud\/2017\/07\/17\/luism-ou-est-la-nation-musulmane-en-empechant-la-priere-et-la-fermeture-dal-aqsa-devant-la-confrerie\/"},"modified":"2017-07-17T00:00:00","modified_gmt":"2017-07-17T00:00:00","slug":"luism-ou-est-la-nation-musulmane-en-empechant-la-priere-et-la-fermeture-dal-aqsa-devant-la-confrerie","status":"publish","type":"post","link":"https:\/\/iumsonline.cloud\/fr\/2017\/07\/17\/luism-ou-est-la-nation-musulmane-en-empechant-la-priere-et-la-fermeture-dal-aqsa-devant-la-confrerie\/","title":{"rendered":"L\u2019UISM : Ou est la nation musulmane en emp\u00eachant la pri\u00e8re et la fermeture d\u2019Al Aqsa devant la confr\u00e9rie ?"},"content":{"rendered":"<p>D&eacute;crivant l&#39;&eacute;v&eacute;nement de criminel et de dangereux :<\/p>\n<p>L&rsquo;UISM : Ou est la nation musulmane en emp&ecirc;chant la pri&egrave;re et la fermeture d&rsquo;Al Aqsa devant la confr&eacute;rie ?<\/p>\n<p>L&rsquo;UISM a condamn&eacute; fermement ce qu&#39;a commis les autorit&eacute;s d&#39;occupation sionistes comme acte criminel en se repr&eacute;sentant par la fermeture d&#39;Al-Aqsa &agrave; J&eacute;rusalem et emp&ecirc;chant la pri&egrave;re et se demanda : Ou est la nation islamique en se tenant les bras crois&eacute;s devant un tel &eacute;v&eacute;nement criminel et dangereux, ce qui emp&ecirc;che l&#39;accomplissement des devoirs de Dieu dans la maison de l&#39;une des plus grandes maisons de Dieu sur terre ?<\/p>\n<p>Et ceci est l&rsquo;&eacute;v&eacute;nement qui n&#39;a pas eu lieu depuis 1969, o&ugrave; les fid&egrave;les ont &eacute;t&eacute; forc&eacute;s de performer la pri&egrave;re du vendredi dans les rues de la ville occup&eacute;e de J&eacute;rusalem et dans la rue de Salah al-Din et la porte de Damas et d&rsquo;Alasbat et Wadi El Joz, au milieu d&rsquo;une lourde pr&eacute;sence des &eacute;l&eacute;ments de la police isra&eacute;lienne apr&egrave;s leur avoir emp&ecirc;cher de prier dans la mosqu&eacute;e Al-Aqsa, en r&eacute;p&eacute;tant apr&egrave;s la pri&egrave;re : &laquo; par le sang nous vous sacrifions Al Aqsa &raquo; et &laquo; Allah est majestueux &raquo;. L&#39;Union a ajout&eacute; que ceci est due &agrave; la d&eacute;t&eacute;rioration et la rompe de la nation et dont certains hommes politiques se tiennent avec l&#39;occupant ennemi, que les sionistes n&rsquo;ont pas os&eacute; de commettre un tel crime.<\/p>\n<p>Son &Eacute;minence Dr Cheikh Ali Muhieldine Qara Daghi Secr&eacute;taire g&eacute;n&eacute;ral de l&rsquo;UISM, a mis en garde et a d&eacute;clar&eacute; dans un communiqu&eacute;, que ce qui pourrait entra&icirc;ner de cette telle action une gravit&eacute; et une d&eacute;t&eacute;rioration de la situation dans les territoires occup&eacute;s, ajoutant que quelles que soient les raisons dont invoquent l&#39;occupant sioniste, ainsi son audace pour emp&ecirc;cher la pri&egrave;re est inacceptable ni m&ecirc;me tol&eacute;r&eacute;, exigeant toutes forces civiles et op&eacute;rant pour la libert&eacute; dans le monde et dans les organisations de soci&eacute;t&eacute; civile de protester et de se r&eacute;volter contre de tels actes affectant le caract&egrave;re sacr&eacute; des maisons de Dieu, en particulier la mosqu&eacute;e Al-Aqsa car elle repr&eacute;sente un grand symbole dans l&#39;islam, ceci exige des mesures imm&eacute;diates pour &eacute;liminer cette fermeture et l&rsquo;interdit de le faire par les autorit&eacute;s sionistes de commettre un tel acte criminel.<\/p>\n","protected":false},"excerpt":{"rendered":"<p>D\u00e9crivant l&#8217;\u00e9v\u00e9nement de criminel et de dangereux :L\u2019UISM : Ou est la nation musulmane en emp\u00eachant la pri\u00e8re et la fermeture d\u2019Al Aqsa devant la confr\u00e9rie ?L\u2019UISM a condamn\u00e9 fermemen<\/p>\n","protected":false},"author":0,"featured_media":97850,"comment_status":"open","ping_status":"open","sticky":false,"template":"","format":"standard","meta":{"_acf_changed":false,"footnotes":""},"categories":[415],"tags":[],"class_list":["post-91882","post","type-post","status-publish","format-standard","has-post-thumbnail","hentry","category-our-news-fr"],"acf":[],"_links":{"self":[{"href":"https:\/\/iumsonline.cloud\/fr\/wp-json\/wp\/v2\/posts\/91882","targetHints":{"allow":["GET"]}}],"collection":[{"href":"https:\/\/iumsonline.cloud\/fr\/wp-json\/wp\/v2\/posts"}],"about":[{"href":"https:\/\/iumsonline.cloud\/fr\/wp-json\/wp\/v2\/types\/post"}],"replies":[{"embeddable":true,"href":"https:\/\/iumsonline.cloud\/fr\/wp-json\/wp\/v2\/comments?post=91882"}],"version-history":[{"count":0,"href":"https:\/\/iumsonline.cloud\/fr\/wp-json\/wp\/v2\/posts\/91882\/revisions"}],"wp:featuredmedia":[{"embeddable":true,"href":"https:\/\/iumsonline.cloud\/fr\/wp-json\/wp\/v2\/media\/97850"}],"wp:attachment":[{"href":"https:\/\/iumsonline.cloud\/fr\/wp-json\/wp\/v2\/media?parent=91882"}],"wp:term":[{"taxonomy":"category","embeddable":true,"href":"https:\/\/iumsonline.cloud\/fr\/wp-json\/wp\/v2\/categories?post=91882"},{"taxonomy":"post_tag","embeddable":true,"href":"https:\/\/iumsonline.cloud\/fr\/wp-json\/wp\/v2\/tags?post=91882"}],"curies":[{"name":"wp","href":"https:\/\/api.w.org\/{rel}","templated":true}]}}