{"id":91880,"date":"2017-10-11T00:00:00","date_gmt":"2017-10-11T00:00:00","guid":{"rendered":"https:\/\/iumsonline.cloud\/2017\/10\/11\/qara-daghi-recoit-la-delegation-de-la-mosquee-dabu-ayoub-al-ansari-de-la-ville-francaise-de-strasbourg\/"},"modified":"2017-10-11T00:00:00","modified_gmt":"2017-10-11T00:00:00","slug":"qara-daghi-recoit-la-delegation-de-la-mosquee-dabu-ayoub-al-ansari-de-la-ville-francaise-de-strasbourg","status":"publish","type":"post","link":"https:\/\/iumsonline.cloud\/fr\/2017\/10\/11\/qara-daghi-recoit-la-delegation-de-la-mosquee-dabu-ayoub-al-ansari-de-la-ville-francaise-de-strasbourg\/","title":{"rendered":"Qara Daghi re\u00e7oit la d\u00e9l\u00e9gation de la mosqu\u00e9e d&#8217;Abu Ayoub Al Ansari de la ville fran\u00e7aise de Strasbourg"},"content":{"rendered":"<p>Qara Daghi re\u00e7oit la d\u00e9l\u00e9gation de la mosqu\u00e9e d&#8217;Abu Ayoub Al Ansari de la ville fran\u00e7aise de Strasbourg<\/p>\n<p>D. Sheikh Ali Qara Daghi secr\u00e9taire g\u00e9n\u00e9ral de l\u2019UISM a re\u00e7u une d\u00e9l\u00e9gation de la part de la construction de la Grande mosqu\u00e9ed\u2019Abu Ayoub Al Ansari \u00e0 Strasbourg en France, dont a \u00e9t\u00e9 pr\u00e9sent M. Mohamed Ramzi Orhan et la d\u00e9l\u00e9gation qui l&#8217;accompagnait, les deux hommes ont \u00e9chang\u00e9 des id\u00e9es sur la mosqu\u00e9e et son importance \u00e0 l&#8217;heure actuelle, en tant qu\u2019un grand monument islamique et un centre de la culture islamique en Europe, et le travail pour faire face aux probl\u00e8mes et aux risques intellectuels auxquels sont confront\u00e9s les musulmans, en particulier dans la ville de Strasbourg, en France, dont vivent aujourd&#8217;hui, plus de 11 millions de musulmans vivant en Europe occidentale, ce qui rendles Musulmans la minorit\u00e9 religieuse la plus importante du continent. L&#8217;objectif principal de la mosqu\u00e9e se r\u00e9sume en r\u00e9glementant la vie religieuse des personnes et est consid\u00e9r\u00e9e la principale r\u00e9f\u00e9rence pour les musulmans dans leurs affaires religieuses et la\u00efques, ce qui la donne le r\u00f4le d\u2019\u00e9ducateur qui procr\u00e9e des g\u00e9n\u00e9rations islamiques, et ceci en raison de l&#8217;augmentation du nombre de musulmans vivant dans la ville de mani\u00e8re significative et avec ce nombre croissant, leurs besoins mentaux et spirituels sont en augmentation.<\/p>\n<\/p>\n<p>Lors de la r\u00e9union qui s\u2019est tenue au si\u00e8ge de l\u2019UISM \u00e0 Doha, son \u00e9minence a re\u00e7u une invitation pour assister \u00e0 la c\u00e9r\u00e9monie officielle de pose de la premi\u00e8re pierre de la Grande Mosqu\u00e9e Abu Ayoub Al Ansari. De m\u00eame, le Secr\u00e9taire G\u00e9n\u00e9ral a \u00e9galement leur a appel\u00e9 \u00e0 se concilier et \u00e0 r\u00e9aliser le grand projet qui servirait l&#8217;Islam et les Musulmans. Il a \u00e9galement r\u00e9pondu aux questions l\u00e9gitimes et \u00e9conomiques qui lui ont \u00e9t\u00e9 adress\u00e9es par certains membres de la d\u00e9l\u00e9gation.<\/p>\n<\/p>\n<p>Il est \u00e0 noter que la Grande Mosqu\u00e9e occupe la m\u00eame place qu\u2019occupe l&#8217;\u00e9glise Notre-Dame de Strasbourg, qui est l&#8217;une des plus grandes \u00e9glises d&#8217;Europe en plus de l&#8217;\u00c9glise juive de la Paix \u00e9tablie dans les ann\u00e9es 50 du si\u00e8cle dernier. La cit\u00e9 de Strasbourg qui repr\u00e9sente la capitale de l\u2019Europe, et une destination culturelle importante en contenant ces deux compositions, mais il lui manque encore une grande mosqu\u00e9e pour tenir compte de la grandeur et de l&#8217;importance de ces deux compositions. \u00c0 partir de ceci, l&#8217;id\u00e9e d&#8217;\u00e9tablir une grande mosqu\u00e9e est n\u00e9e et les n\u00e9gociations avec les autorit\u00e9s locales ont commenc\u00e9 il y a plusieurs ann\u00e9es pour arriver \u00e0 ce but.<\/p><\/p>\n","protected":false},"excerpt":{"rendered":"<p>Qara Daghi re\u00e7oit la d\u00e9l\u00e9gation de la mosqu\u00e9e d&#8217;Abu Ayoub Al Ansari de la ville fran\u00e7aise de StrasbourgD. Sheikh Ali Qara Daghi secr\u00e9taire g\u00e9n\u00e9ral de l\u2019UISM a re\u00e7u une d\u00e9l\u00e9gation de la part <\/p>\n","protected":false},"author":0,"featured_media":50059,"comment_status":"open","ping_status":"open","sticky":false,"template":"","format":"standard","meta":{"_acf_changed":false,"footnotes":""},"categories":[415],"tags":[],"class_list":["post-91880","post","type-post","status-publish","format-standard","has-post-thumbnail","hentry","category-our-news-fr"],"acf":[],"_links":{"self":[{"href":"https:\/\/iumsonline.cloud\/fr\/wp-json\/wp\/v2\/posts\/91880","targetHints":{"allow":["GET"]}}],"collection":[{"href":"https:\/\/iumsonline.cloud\/fr\/wp-json\/wp\/v2\/posts"}],"about":[{"href":"https:\/\/iumsonline.cloud\/fr\/wp-json\/wp\/v2\/types\/post"}],"replies":[{"embeddable":true,"href":"https:\/\/iumsonline.cloud\/fr\/wp-json\/wp\/v2\/comments?post=91880"}],"version-history":[{"count":0,"href":"https:\/\/iumsonline.cloud\/fr\/wp-json\/wp\/v2\/posts\/91880\/revisions"}],"wp:featuredmedia":[{"embeddable":true,"href":"https:\/\/iumsonline.cloud\/fr\/wp-json\/wp\/v2\/media\/50059"}],"wp:attachment":[{"href":"https:\/\/iumsonline.cloud\/fr\/wp-json\/wp\/v2\/media?parent=91880"}],"wp:term":[{"taxonomy":"category","embeddable":true,"href":"https:\/\/iumsonline.cloud\/fr\/wp-json\/wp\/v2\/categories?post=91880"},{"taxonomy":"post_tag","embeddable":true,"href":"https:\/\/iumsonline.cloud\/fr\/wp-json\/wp\/v2\/tags?post=91880"}],"curies":[{"name":"wp","href":"https:\/\/api.w.org\/{rel}","templated":true}]}}