{"id":91750,"date":"2022-08-21T00:00:00","date_gmt":"2022-08-21T00:00:00","guid":{"rendered":"https:\/\/iumsonline.cloud\/2022\/08\/21\/ministere-de-linterieur-noureddine-el-khademi-est-interdit-de-voyage\/"},"modified":"2022-08-21T00:00:00","modified_gmt":"2022-08-21T00:00:00","slug":"ministere-de-linterieur-noureddine-el-khademi-est-interdit-de-voyage","status":"publish","type":"post","link":"https:\/\/iumsonline.cloud\/fr\/2022\/08\/21\/ministere-de-linterieur-noureddine-el-khademi-est-interdit-de-voyage\/","title":{"rendered":"Minist\u00e8re de l\u2019Int\u00e9rieur: Noureddine El Khademi est interdit de voyage"},"content":{"rendered":"<p>Le minist&egrave;re de l&rsquo;Int&eacute;rieur a annonc&eacute;, dans un communiqu&eacute;, que le dirigeant d&rsquo;Ennahdha et ancien ministre des Affaires religieuses Noureddine El Khademi fait l&rsquo;objet d&rsquo;une interdiction de voyage.<\/p>\n<p>Cette mise au point intervient apr&egrave;s que Noureddine El Khademi et des membres de sa famille aient observ&eacute; un sit-in &agrave; l&rsquo;a&eacute;roport Tunis-Carthage en signe de protestation contre leur interdiction de voyager.<\/p>\n","protected":false},"excerpt":{"rendered":"<p>Le minist\u00e8re de l\u2019Int\u00e9rieur a annonc\u00e9, dans un communiqu\u00e9, que le dirigeant d\u2019Ennahdha et ancien ministre des Affaires religieuses Noureddine El Khademi fait l\u2019objet d\u2019une interdiction de voyage.<\/p>\n","protected":false},"author":0,"featured_media":93788,"comment_status":"open","ping_status":"open","sticky":false,"template":"","format":"standard","meta":{"_acf_changed":false,"footnotes":""},"categories":[415],"tags":[],"class_list":["post-91750","post","type-post","status-publish","format-standard","has-post-thumbnail","hentry","category-our-news-fr"],"acf":[],"_links":{"self":[{"href":"https:\/\/iumsonline.cloud\/fr\/wp-json\/wp\/v2\/posts\/91750","targetHints":{"allow":["GET"]}}],"collection":[{"href":"https:\/\/iumsonline.cloud\/fr\/wp-json\/wp\/v2\/posts"}],"about":[{"href":"https:\/\/iumsonline.cloud\/fr\/wp-json\/wp\/v2\/types\/post"}],"replies":[{"embeddable":true,"href":"https:\/\/iumsonline.cloud\/fr\/wp-json\/wp\/v2\/comments?post=91750"}],"version-history":[{"count":0,"href":"https:\/\/iumsonline.cloud\/fr\/wp-json\/wp\/v2\/posts\/91750\/revisions"}],"wp:featuredmedia":[{"embeddable":true,"href":"https:\/\/iumsonline.cloud\/fr\/wp-json\/wp\/v2\/media\/93788"}],"wp:attachment":[{"href":"https:\/\/iumsonline.cloud\/fr\/wp-json\/wp\/v2\/media?parent=91750"}],"wp:term":[{"taxonomy":"category","embeddable":true,"href":"https:\/\/iumsonline.cloud\/fr\/wp-json\/wp\/v2\/categories?post=91750"},{"taxonomy":"post_tag","embeddable":true,"href":"https:\/\/iumsonline.cloud\/fr\/wp-json\/wp\/v2\/tags?post=91750"}],"curies":[{"name":"wp","href":"https:\/\/api.w.org\/{rel}","templated":true}]}}