{"id":91707,"date":"2022-10-27T00:00:00","date_gmt":"2022-10-27T00:00:00","guid":{"rendered":"https:\/\/iumsonline.cloud\/2022\/10\/27\/covid-19-un-variant-domicron-bq1-pourrait-causer-une-nouvelle-vague-a-la-fin-de-lautomne\/"},"modified":"2022-10-27T00:00:00","modified_gmt":"2022-10-27T00:00:00","slug":"covid-19-un-variant-domicron-bq1-pourrait-causer-une-nouvelle-vague-a-la-fin-de-lautomne","status":"publish","type":"post","link":"https:\/\/iumsonline.cloud\/fr\/2022\/10\/27\/covid-19-un-variant-domicron-bq1-pourrait-causer-une-nouvelle-vague-a-la-fin-de-lautomne\/","title":{"rendered":"Covid-19: un variant d&#8217;Omicron, BQ1 pourrait causer une nouvelle vague \u00e0 la fin de l&#8217;automne"},"content":{"rendered":"<p>Il y a exactement mille jours, l&#39;agence europ&eacute;enne des m&eacute;dicament (EMA) classait le Covid-19 comme urgence publique internationale. Mais presque trois ans plus tard, nous ne sommes toujours pas sortis de la crise.<\/p>\n<p>D&#39;apr&egrave;s l&#39;EMA, une nouvelle vague attend l&#39;Europe dans les prochaines semaines, caus&eacute;e par un nouveau variant d&#39;Omicron intitul&eacute; BQ.1. Lors d&#39;une conf&eacute;rence de presse virtuelle, Marco Cavaleri, responsable de la strat&eacute;gie en mati&egrave;re de vaccins &agrave; l&#39;EMA, a expliqu&eacute; que ce nouveau variant aurait d&eacute;j&agrave; &eacute;t&eacute; identifi&eacute; dans au moins cinq pays d&#39;Europe.&nbsp;<\/p>\n<p>BQ.1 pourrait devenir la souche dominante de Covid-19 entre la mi-novembre et le mois de d&eacute;cembre, d&#39;apr&egrave;s l&#39;EMA. On ne sait pas encore si elle sera plus virulente que les pr&eacute;c&eacute;dentes. Le danger r&eacute;side plut&ocirc;t dans sa capacit&eacute; &agrave; &eacute;chapper &agrave; l&#39;immunit&eacute; acquise par vaccination ou par infection.<\/p>\n<p>Un mois apr&egrave;s le d&eacute;but de l&#39;automne, &quot;nous constatons d&eacute;j&agrave; une augmentation globale des cas de Covid-19 et des d&eacute;c&egrave;s&quot; dus &agrave; la maladie en Europe, ainsi qu&#39;une augmentation des hospitalisations de patients &acirc;g&eacute;s de plus de 65 ans.<\/p>\n<p>Les mutations sur Sars-Cov-2, le virus &agrave; l&#39;origine du Covid-19 semblent muter &quot;plus rapidement quenous ne pouvons adapter les vaccins&quot; reconna&icirc;t Marco Cavaleri.<\/p>\n<p>Que faire face au variant BQ1 ?<br \/>\nL&#39;EMA rappelle qu&#39;en automne et en hiver le Covid-19 et le virus de la grippe circuleront en m&ecirc;me temps, elle recommande donc aux populations vuln&eacute;rable de se faire administrer les deux vaccins.<\/p>\n<p>Elle conseille &eacute;galement de g&eacute;n&eacute;raliser la vaccination des jeunes enfants immunod&eacute;prim&eacute;s, avec des versions moins concentr&eacute;es des vaccins. Mais le choix de lancer ou non une campagne de vaccination pour les plus jeunes est du ressort des &Eacute;tats membres.<\/p>\n<p>La semaine derni&egrave;re, l&#39;EMA a approuv&eacute; l&#39;utilisation des vaccins originaux de Pfizer et Moderna pour les enfants de six mois &agrave; cinq ans.<\/p>\n<p>euronews..<\/p>\n","protected":false},"excerpt":{"rendered":"<p>L&#8217;agence europ\u00e9enne des m\u00e9dicaments agite la sonnette d&#8217;alarme. L&#8217;Europe pourrait bient\u00f4t subir une nouvelle vague de Covid-19, caus\u00e9e par un variant d&#8217;Omicron, plus r\u00e9sistants aux vaccins.<\/p>\n","protected":false},"author":0,"featured_media":92042,"comment_status":"open","ping_status":"open","sticky":false,"template":"","format":"standard","meta":{"_acf_changed":false,"footnotes":""},"categories":[415],"tags":[],"class_list":["post-91707","post","type-post","status-publish","format-standard","has-post-thumbnail","hentry","category-our-news-fr"],"acf":[],"_links":{"self":[{"href":"https:\/\/iumsonline.cloud\/fr\/wp-json\/wp\/v2\/posts\/91707","targetHints":{"allow":["GET"]}}],"collection":[{"href":"https:\/\/iumsonline.cloud\/fr\/wp-json\/wp\/v2\/posts"}],"about":[{"href":"https:\/\/iumsonline.cloud\/fr\/wp-json\/wp\/v2\/types\/post"}],"replies":[{"embeddable":true,"href":"https:\/\/iumsonline.cloud\/fr\/wp-json\/wp\/v2\/comments?post=91707"}],"version-history":[{"count":0,"href":"https:\/\/iumsonline.cloud\/fr\/wp-json\/wp\/v2\/posts\/91707\/revisions"}],"wp:featuredmedia":[{"embeddable":true,"href":"https:\/\/iumsonline.cloud\/fr\/wp-json\/wp\/v2\/media\/92042"}],"wp:attachment":[{"href":"https:\/\/iumsonline.cloud\/fr\/wp-json\/wp\/v2\/media?parent=91707"}],"wp:term":[{"taxonomy":"category","embeddable":true,"href":"https:\/\/iumsonline.cloud\/fr\/wp-json\/wp\/v2\/categories?post=91707"},{"taxonomy":"post_tag","embeddable":true,"href":"https:\/\/iumsonline.cloud\/fr\/wp-json\/wp\/v2\/tags?post=91707"}],"curies":[{"name":"wp","href":"https:\/\/api.w.org\/{rel}","templated":true}]}}