{"id":91665,"date":"2022-11-29T00:00:00","date_gmt":"2022-11-29T00:00:00","guid":{"rendered":"https:\/\/iumsonline.cloud\/2022\/11\/29\/trois-palestiniens-tues-dans-des-heurts-en-cisjordanie\/"},"modified":"2022-11-29T00:00:00","modified_gmt":"2022-11-29T00:00:00","slug":"trois-palestiniens-tues-dans-des-heurts-en-cisjordanie","status":"publish","type":"post","link":"https:\/\/iumsonline.cloud\/fr\/2022\/11\/29\/trois-palestiniens-tues-dans-des-heurts-en-cisjordanie\/","title":{"rendered":"Trois Palestiniens tu\u00e9s dans des heurts en Cisjordanie"},"content":{"rendered":"<p>A Kafr Ein, pre\u0300s de Ramallah, sie\u0300ge de l&#39;Autorite\u0301 palestinienne en Cisjordanie occupe\u0301e, Jawad et Dhafer Abdul Rahman Rimawi, deux fre\u0300res a\u0302ge\u0301s respectivement de 22 et 21 ans, ont e\u0301te\u0301 tue\u0301s par des tirs de l&#39;arme\u0301e israe\u0301lienne,<br \/>\nUn Palestinien a succombe\u0301 apre\u0300s avoir e\u0301te\u0301 blesse\u0301 par balle a\u0300 la te\u0302te par l&#39;arme\u0301e israe\u0301lienne a\u0300 Beit Ommar, pre\u0300s de He\u0301bron, et deux fre\u0300res ont e\u0301te\u0301 tue\u0301s par des tirs israe\u0301liens a\u0300 Kafr Ein, pre\u0300s de Ramallah<br \/>\nRAMALLAH: Trois Palestiniens ont e\u0301te\u0301 tue\u0301s dans des heurts nocturnes avec les forces israe\u0301liennes en Cisjordanie occupe\u0301e, the\u0301a\u0302tre ces derniers mois d&#39;une recrudescence des violences, a annonce\u0301 mardi le ministe\u0300re palestinien de la Sante\u0301.<\/p>\n<p>Selon ce ministe\u0300re, un Palestinien a succombe\u0301 apre\u0300s avoir e\u0301te\u0301 blesse\u0301 par balle a\u0300 la te\u0302te par l&#39;arme\u0301e israe\u0301lienne a\u0300 Beit Ommar, pre\u0300s de He\u0301bron, une ville du sud de la Cisjordanie ou\u0300 les tensions demeurent vives entre des colons israe\u0301liens et la population palestinienne locale.<\/p>\n<p>L&#39;arme\u0301e israe\u0301lienne a indique\u0301 dans un communique\u0301 avoir ouvert le feu sur &quot;des e\u0301meutiers&quot; qui avaient lance\u0301 des pierres et des engins explosifs en direction des soldats apre\u0300s que deux ve\u0301hicules de l&#39;arme\u0301e qui patrouillaient pre\u0300s de Beit Ommar se sont retrouve\u0301s bloque\u0301s a\u0300 la suite d&#39;un proble\u0300me technique.<\/p>\n<p>Puis, a\u0300 Kafr Ein, pre\u0300s de Ramallah, sie\u0300ge de l&#39;Autorite\u0301 palestinienne en Cisjordanie occupe\u0301e, Jawad et Dhafer Abdul Rahman Rimawi, deux fre\u0300res a\u0302ge\u0301s respectivement de 22 et 21 ans, ont e\u0301te\u0301 tue\u0301s par des tirs de l&#39;arme\u0301e israe\u0301lienne, a ajoute\u0301 le ministe\u0300re palestinien. Contacte\u0301e par l&#39;AFP, l&#39;arme\u0301e israe\u0301lienne n&#39;a pas commente\u0301 dans l&#39;imme\u0301diat ce second incident.<\/p>\n<p>Apre\u0300s ces affrontements, le mouvement islamiste arme\u0301 Hamas, au pouvoir dans la bande de Gaza et qui compte des soutiens en Cisjordanie notamment, a indique\u0301 dans un communique\u0301 que &quot;l&#39;escalade&quot; israe\u0301lienne allait rencontrer une &quot;re\u0301sistance croissante&quot; de la part des Palestiniens.<\/p>\n<p>Les violences se sont intensifie\u0301es ces derniers mois en Cisjordanie, territoire palestinien occupe\u0301 par Israe\u0308l depuis 1967.<\/p>\n<p>Dans la foule\u0301e d&#39;attaques meurtrie\u0300res en Israe\u0308l en mars et avril derniers et d&#39;autres attaques qui ont suivi, l&#39;arme\u0301e israe\u0301lienne a mene\u0301 plus de 2.000 raids en Cisjordanie, notamment dans les secteurs de Je\u0301nine et Naplouse (nord), bastions de groupes arme\u0301s.<\/p>\n<p>Ces raids, et les heurts qui y sont parfois associe\u0301s, ont fait plus de 125 morts palestiniens, le bilan le plus lourd depuis sept ans, selon l&#39;ONU.<\/p>\n","protected":false},"excerpt":{"rendered":"<p>Des soldats isra\u00e9liens marchent lors d&#8217;affrontements avec des Palestiniens \u00e0 l&#8217;entr\u00e9e nord de la ville de Ramallah, pr\u00e8s de la colonie isra\u00e9lienne de Beit El, le 25 octobre 2022 en Cisjordanie occup\u00e9e. (Photo d&#8217;illustration Abbas MOMANI \/ AFP)<\/p>\n","protected":false},"author":0,"featured_media":93706,"comment_status":"open","ping_status":"open","sticky":false,"template":"","format":"standard","meta":{"_acf_changed":false,"footnotes":""},"categories":[415],"tags":[],"class_list":["post-91665","post","type-post","status-publish","format-standard","has-post-thumbnail","hentry","category-our-news-fr"],"acf":[],"_links":{"self":[{"href":"https:\/\/iumsonline.cloud\/fr\/wp-json\/wp\/v2\/posts\/91665","targetHints":{"allow":["GET"]}}],"collection":[{"href":"https:\/\/iumsonline.cloud\/fr\/wp-json\/wp\/v2\/posts"}],"about":[{"href":"https:\/\/iumsonline.cloud\/fr\/wp-json\/wp\/v2\/types\/post"}],"replies":[{"embeddable":true,"href":"https:\/\/iumsonline.cloud\/fr\/wp-json\/wp\/v2\/comments?post=91665"}],"version-history":[{"count":0,"href":"https:\/\/iumsonline.cloud\/fr\/wp-json\/wp\/v2\/posts\/91665\/revisions"}],"wp:featuredmedia":[{"embeddable":true,"href":"https:\/\/iumsonline.cloud\/fr\/wp-json\/wp\/v2\/media\/93706"}],"wp:attachment":[{"href":"https:\/\/iumsonline.cloud\/fr\/wp-json\/wp\/v2\/media?parent=91665"}],"wp:term":[{"taxonomy":"category","embeddable":true,"href":"https:\/\/iumsonline.cloud\/fr\/wp-json\/wp\/v2\/categories?post=91665"},{"taxonomy":"post_tag","embeddable":true,"href":"https:\/\/iumsonline.cloud\/fr\/wp-json\/wp\/v2\/tags?post=91665"}],"curies":[{"name":"wp","href":"https:\/\/api.w.org\/{rel}","templated":true}]}}