{"id":91530,"date":"2023-05-25T00:00:00","date_gmt":"2023-05-25T00:00:00","guid":{"rendered":"https:\/\/iumsonline.cloud\/2023\/05\/25\/tariq-ramadan-acquitte-en-suisse-de-laccusation-de-viol\/"},"modified":"2023-05-25T00:00:00","modified_gmt":"2023-05-25T00:00:00","slug":"tariq-ramadan-acquitte-en-suisse-de-laccusation-de-viol","status":"publish","type":"post","link":"https:\/\/iumsonline.cloud\/fr\/2023\/05\/25\/tariq-ramadan-acquitte-en-suisse-de-laccusation-de-viol\/","title":{"rendered":"Tariq Ramadan acquitt\u00e9 en Suisse de l&#8217;accusation de viol"},"content":{"rendered":"<h1><span style=\"color:#16a085\"><span style=\"background-color:#ecf0f1\">Tariq Ramadan acquitt&eacute; en Suisse de l&#8217;accusation de viol<\/span><\/span><\/h1>\n<ul>\n<li><span style=\"color:#999999\"><span style=\"font-size:18px\">Le tribunal a d&eacute;cid&eacute; de l&#8217;indemniser pour ses frais d&#8217;avocats, &agrave; hauteur de 151 000 francs suisses (environ 154 400 euros), mais a rejett&eacute; sa demande d&#8217;indemnit&eacute; pour tort moral<\/span><\/span><\/li>\n<li><span style=\"color:#999999\"><span style=\"font-size:18px\">Les avocats de la plaignante, 57 ans, ont annonc&eacute; faire appel<\/span><\/span><\/li>\n<\/ul>\n<p><span style=\"font-size:18px\"><span style=\"color:#2980b9\">GENEVE<\/span>:&nbsp;Le pr&eacute;dicateur musulman Tariq Ramadan a &eacute;t&eacute; acquitt&eacute; mercredi de l&#8217;accusation de viol et contrainte sexuelle par un tribunal genevois qui a jug&eacute; qu&#8217;il n&#8217;y avait pas de preuve contre lui dans cette affaire remontant &agrave; 2008.<\/span><\/p>\n<p><span style=\"font-size:18px\">Il s&#8217;agissait du premier proc&egrave;s pour viol contre Tariq Ramadan, &acirc;g&eacute; de 60 ans. Il est menac&eacute; d&#8217;un proc&egrave;s en France pour des faits similaires.<\/span><\/p>\n<p><span style=\"font-size:18px\">Dans le dossier suisse, le procureur avait requis trois ans de prison dont la moiti&eacute; ferme. Mais &quot;le doute devant profiter &agrave; l&#8217;accus&eacute;, Tariq Ramadan devra donc &ecirc;tre acquitt&eacute;&quot;, a conclu le pr&eacute;sident du Tribunal correctionnel de Gen&egrave;ve, Yves Maurer-Cecchini, faisant valoir l&#8217;absence de preuves, les t&eacute;moignages contradictoires, y compris des psychiatres, et les &quot;messages d&#8217;amour&quot; envoy&eacute;s par la plaignante apr&egrave;s les faits.<\/span><\/p>\n<p><span style=\"font-size:18px\">Le tribunal a d&eacute;cid&eacute; de l&#8217;indemniser pour ses frais d&#8217;avocats, &agrave; hauteur de 151.000 francs suisses (environ 154.400 euros), mais a rejett&eacute; sa demande d&#8217;indemnit&eacute; pour tort moral.<\/span><\/p>\n<p><span style=\"font-size:18px\">Les avocats de la plaignante, 57 ans, convertie &agrave; l&#8217;islam, ont annonc&eacute; faire appel. &quot;Cette d&eacute;cision profond&eacute;ment injuste est le reflet d&#8217;une audience caricaturale d&#8217;o&ugrave; la dignit&eacute; &eacute;tait absente et o&ugrave; la parole de ma cliente n&#8217;a &eacute;t&eacute; ni entendue ni respect&eacute;e&quot;, a r&eacute;agi aupr&egrave;s de l&#8217;AFP Me Fran&ccedil;ois Zimeray.<\/span><\/p>\n<p><span style=\"font-size:18px\">Tariq Ramadan a quitt&eacute; le tribunal entour&eacute; de ses proches, souriant, mais sans faire de commentaire. &quot;Ce verdict n&#8217;est ni un coup de t&ecirc;te, ni un coup de coeur, c&#8217;est un verdict inspir&eacute; de raison&quot;, a d&eacute;clar&eacute; son avocate suisse, Me Ya&euml;l Hayat.<\/span><\/p>\n<p><span style=\"font-size:18px\">&quot;Trop d&#8217;invraisemblances et de contradictions ont conduit &agrave; un acquittement parfaitement logique en fait et en droit&quot;, a &eacute;galement indiqu&eacute; &agrave; l&#8217;AFP l&#8217;avocat fran&ccedil;ais de Tariq Ramadan, Me Philippe Ohayon.<\/span><\/p>\n<p><span style=\"font-size:18px\">arabnews&#8230;<\/span><\/p>\n","protected":false},"excerpt":{"rendered":"<p>Le tribunal a d\u00e9cid\u00e9 de l&#8217;indemniser pour ses frais d&#8217;avocats, \u00e0 hauteur de 151 000 francs suisses (environ 154 400 euros), mais a rejett\u00e9 sa demande d&#8217;indemnit\u00e9 pour tort moral<br \/>\nLes avocats de la plaignante, 57 ans, ont annonc\u00e9 faire appel<\/p>\n","protected":false},"author":0,"featured_media":93538,"comment_status":"open","ping_status":"open","sticky":false,"template":"","format":"standard","meta":{"_acf_changed":false,"footnotes":""},"categories":[415],"tags":[],"class_list":["post-91530","post","type-post","status-publish","format-standard","has-post-thumbnail","hentry","category-our-news-fr"],"acf":[],"_links":{"self":[{"href":"https:\/\/iumsonline.cloud\/fr\/wp-json\/wp\/v2\/posts\/91530","targetHints":{"allow":["GET"]}}],"collection":[{"href":"https:\/\/iumsonline.cloud\/fr\/wp-json\/wp\/v2\/posts"}],"about":[{"href":"https:\/\/iumsonline.cloud\/fr\/wp-json\/wp\/v2\/types\/post"}],"replies":[{"embeddable":true,"href":"https:\/\/iumsonline.cloud\/fr\/wp-json\/wp\/v2\/comments?post=91530"}],"version-history":[{"count":0,"href":"https:\/\/iumsonline.cloud\/fr\/wp-json\/wp\/v2\/posts\/91530\/revisions"}],"wp:featuredmedia":[{"embeddable":true,"href":"https:\/\/iumsonline.cloud\/fr\/wp-json\/wp\/v2\/media\/93538"}],"wp:attachment":[{"href":"https:\/\/iumsonline.cloud\/fr\/wp-json\/wp\/v2\/media?parent=91530"}],"wp:term":[{"taxonomy":"category","embeddable":true,"href":"https:\/\/iumsonline.cloud\/fr\/wp-json\/wp\/v2\/categories?post=91530"},{"taxonomy":"post_tag","embeddable":true,"href":"https:\/\/iumsonline.cloud\/fr\/wp-json\/wp\/v2\/tags?post=91530"}],"curies":[{"name":"wp","href":"https:\/\/api.w.org\/{rel}","templated":true}]}}