{"id":91298,"date":"2023-10-29T09:45:27","date_gmt":"2023-10-29T09:45:27","guid":{"rendered":"https:\/\/iumsonline.cloud\/2023\/10\/29\/la-situation-des-prisonniers-dans-les-prisons-du-regime-sioniste-apres-la-tempete-al-aqsa\/"},"modified":"2023-10-29T09:45:27","modified_gmt":"2023-10-29T09:45:27","slug":"la-situation-des-prisonniers-dans-les-prisons-du-regime-sioniste-apres-la-tempete-al-aqsa","status":"publish","type":"post","link":"https:\/\/iumsonline.cloud\/fr\/2023\/10\/29\/la-situation-des-prisonniers-dans-les-prisons-du-regime-sioniste-apres-la-tempete-al-aqsa\/","title":{"rendered":"La situation des prisonniers dans les prisons du r\u00e9gime sioniste apr\u00e8s la Temp\u00eate Al-Aqsa"},"content":{"rendered":"<h2 dir=\"LTR\" style=\"margin: 0 0 0.0001pt; background: rgba(255, 255, 255, 1)\"><span lang=\"FR\" style=\"font-size: 22.5pt; font-family: &quot;Georgia&quot;, &quot;serif&quot;; color: rgba(112, 48, 160, 1)\">La situation des prisonniers dans les prisons du r\u00e9gime sioniste apr\u00e8s la Temp\u00eate Al-Aqsa<\/span><\/h2>\n<p dir=\"LTR\" style=\"text-align: left; direction: ltr; unicode-bidi: embed\"><span lang=\"FR\" style=\"font-size: 15pt; line-height: 115%; font-family: &quot;Georgia&quot;, &quot;serif&quot;\">&nbsp;<\/span><\/p>\n<p dir=\"LTR\" style=\"text-align: left; direction: ltr; unicode-bidi: embed\"><span lang=\"FR\" style=\"font-size: 15pt; line-height: 115%; font-family: &quot;Georgia&quot;, &quot;serif&quot;\">BANDE DE GAZA-La bande c\u00f4ti\u00e8re assi\u00e9g\u00e9e (Gaza) est d\u00e9sormais bombard\u00e9e 24 heures sur 24, limitant l&#8217;acc\u00e8s \u00e0 l&#8217;eau, \u00e0 la nourriture, aux m\u00e9dicaments et au carburant, pour les 2,3 millions de Palestiniens qui y vivent.<\/span><\/p>\n<p dir=\"LTR\" style=\"text-align: left; direction: ltr; unicode-bidi: embed\"><span lang=\"FR\" style=\"font-size: 15pt; line-height: 115%; font-family: &quot;Georgia&quot;, &quot;serif&quot;\">Apr\u00e8s l&#8217;op\u00e9ration Temp\u00eate d&#8217;Al-Aqsa, de s\u00e9v\u00e8res restrictions aux droits des prisonniers palestiniens, des tortures, le refus de soins m\u00e9dicaux, l&#8217;isolement cellulaire, les d\u00e9tention arbitraire et d&#8217;autres mesures violentes ont \u00e9t\u00e9 impos\u00e9s par les sionistes, dans le but d&#8217;affaiblir l&#8217;esprit de r\u00e9sistance des prisonniers palestiniens.<\/span><\/p>\n<p dir=\"LTR\" style=\"text-align: left; direction: ltr; unicode-bidi: embed\"><span dir=\"RTL\" lang=\"AR-QA\" style=\"font-size: 15pt; line-height: 115%; font-family: &quot;Arial&quot;, &quot;sans-serif&quot;\">&nbsp;<\/span><\/p>\n<p dir=\"LTR\" style=\"text-align: left; direction: ltr; unicode-bidi: embed\"><span lang=\"FR\" style=\"font-size: 15pt; line-height: 115%; font-family: &quot;Georgia&quot;, &quot;serif&quot;\">Basil Farraj, sociologue et militant pour les droits des prisonniers palestiniens, a \u00e9voqu\u00e9 l&#8217;intensification des pressions sur les prisonniers palestiniens, apr\u00e8s l&#8217;op\u00e9ration Temp\u00eate Al-Aqsa, et a \u00e9crit : \u00ab En plus du g\u00e9nocide, de la guerre contre les Palestiniens et de la poursuite des bombardements sur Gaza, le r\u00e9gime sioniste a lanc\u00e9 une campagne d&#8217;arrestations massives dans toute la Palestine, et mis en \u0153uvre de nombreuses mesures qui violent les droits des prisonniers.<\/span><\/p>\n<p dir=\"LTR\" style=\"text-align: left; direction: ltr; unicode-bidi: embed\"><span dir=\"RTL\" lang=\"AR-QA\" style=\"font-size: 15pt; line-height: 115%; font-family: &quot;Arial&quot;, &quot;sans-serif&quot;\">&nbsp;<\/span><\/p>\n<p dir=\"LTR\" style=\"text-align: left; direction: ltr; unicode-bidi: embed\"><span lang=\"FR\" style=\"font-size: 15pt; line-height: 115%; font-family: &quot;Georgia&quot;, &quot;serif&quot;\">La situation dans les prisons et les centres de d\u00e9tention isra\u00e9liens est devenue plus alarmante, car le r\u00e9gime sioniste a lanc\u00e9 une violente campagne de vengeance contre les Palestiniens dans toute la Palestine.<\/span><\/p>\n","protected":false},"excerpt":{"rendered":"<p>BANDE DE GAZA-La bande c\u00f4ti\u00e8re assi\u00e9g\u00e9e (Gaza) est d\u00e9sormais bombard\u00e9e 24 heures sur 24, limitant l&#8217;acc\u00e8s \u00e0 l&#8217;eau, \u00e0 la nourriture, aux m\u00e9dicaments et au carburant, pour les 2,3 millions de Palestiniens qui y vivent.<\/p>\n","protected":false},"author":0,"featured_media":92625,"comment_status":"open","ping_status":"open","sticky":false,"template":"","format":"standard","meta":{"_acf_changed":false,"footnotes":""},"categories":[415],"tags":[],"class_list":["post-91298","post","type-post","status-publish","format-standard","has-post-thumbnail","hentry","category-our-news-fr"],"acf":[],"_links":{"self":[{"href":"https:\/\/iumsonline.cloud\/fr\/wp-json\/wp\/v2\/posts\/91298","targetHints":{"allow":["GET"]}}],"collection":[{"href":"https:\/\/iumsonline.cloud\/fr\/wp-json\/wp\/v2\/posts"}],"about":[{"href":"https:\/\/iumsonline.cloud\/fr\/wp-json\/wp\/v2\/types\/post"}],"replies":[{"embeddable":true,"href":"https:\/\/iumsonline.cloud\/fr\/wp-json\/wp\/v2\/comments?post=91298"}],"version-history":[{"count":0,"href":"https:\/\/iumsonline.cloud\/fr\/wp-json\/wp\/v2\/posts\/91298\/revisions"}],"wp:featuredmedia":[{"embeddable":true,"href":"https:\/\/iumsonline.cloud\/fr\/wp-json\/wp\/v2\/media\/92625"}],"wp:attachment":[{"href":"https:\/\/iumsonline.cloud\/fr\/wp-json\/wp\/v2\/media?parent=91298"}],"wp:term":[{"taxonomy":"category","embeddable":true,"href":"https:\/\/iumsonline.cloud\/fr\/wp-json\/wp\/v2\/categories?post=91298"},{"taxonomy":"post_tag","embeddable":true,"href":"https:\/\/iumsonline.cloud\/fr\/wp-json\/wp\/v2\/tags?post=91298"}],"curies":[{"name":"wp","href":"https:\/\/api.w.org\/{rel}","templated":true}]}}