{"id":91283,"date":"2023-10-29T09:31:29","date_gmt":"2023-10-29T09:31:29","guid":{"rendered":"https:\/\/iumsonline.cloud\/2023\/10\/29\/une-mosquee-inauguree-a-lyon\/"},"modified":"2023-10-29T09:31:29","modified_gmt":"2023-10-29T09:31:29","slug":"une-mosquee-inauguree-a-lyon","status":"publish","type":"post","link":"https:\/\/iumsonline.cloud\/fr\/2023\/10\/29\/une-mosquee-inauguree-a-lyon\/","title":{"rendered":"Une mosqu\u00e9e inaugur\u00e9e \u00e0 Lyon"},"content":{"rendered":"<h2 dir=\"LTR\" style=\"margin: 0 0 0.0001pt; background: rgba(255, 255, 255, 1)\"><span style=\"font-size: 22.5pt; font-family: &quot;Georgia&quot;, &quot;serif&quot;; color: rgba(112, 48, 160, 1)\">Une mosqu\u00e9e inaugur\u00e9e \u00e0 Lyon<\/span><\/h2>\n<p dir=\"LTR\" style=\"text-align: left; direction: ltr; unicode-bidi: embed\"><span style=\"font-family: &quot;Georgia&quot;, &quot;serif&quot;\">&nbsp;<\/span><\/p>\n<p dir=\"LTR\" style=\"text-align: left; direction: ltr; unicode-bidi: embed\"><span lang=\"FR\" style=\"font-size: 15pt; line-height: 115%; font-family: &quot;Georgia&quot;, &quot;serif&quot;\">LYON-Une nouvelle mosqu\u00e9e a \u00e9t\u00e9 inaugur\u00e9e dans le 7e arrondissement de Lyon.<\/span><\/p>\n<p dir=\"LTR\" style=\"text-align: left; direction: ltr; unicode-bidi: embed\"><span lang=\"FR\" style=\"font-size: 15pt; line-height: 115%; font-family: &quot;Georgia&quot;, &quot;serif&quot;\">Selon Actu Lyon, les travaux de construction de cette mosqu\u00e9e, la mosqu\u00e9e Imam Malik, ont \u00e9t\u00e9 lanc\u00e9e en 2020 et elle a \u00e9t\u00e9 inaugur\u00e9e le mercredi 25 octobre 2023 en pr\u00e9sence du maire \u00e9cologiste de la ville, Gr\u00e9gory Doucet. <\/span><\/p>\n<p dir=\"LTR\" style=\"text-align: left; direction: ltr; unicode-bidi: embed\"><span dir=\"RTL\" lang=\"AR-QA\" style=\"font-size: 15pt; line-height: 115%; font-family: &quot;Arial&quot;, &quot;sans-serif&quot;\">&nbsp;<\/span><\/p>\n<p dir=\"LTR\" style=\"text-align: left; direction: ltr; unicode-bidi: embed\"><span lang=\"FR\" style=\"font-size: 15pt; line-height: 115%; font-family: &quot;Georgia&quot;, &quot;serif&quot;\">Le maire de Lyon a \u00e9t\u00e9 critiqu\u00e9 apr\u00e8s sa participation \u00e0 l\u2019inauguration, par la droite et l\u2019extr\u00eame droite.<\/span><\/p>\n","protected":false},"excerpt":{"rendered":"<p>LYON-Une nouvelle mosqu\u00e9e a \u00e9t\u00e9 inaugur\u00e9e dans le 7e arrondissement de Lyon.<\/p>\n","protected":false},"author":0,"featured_media":92627,"comment_status":"open","ping_status":"open","sticky":false,"template":"","format":"standard","meta":{"_acf_changed":false,"footnotes":""},"categories":[415],"tags":[],"class_list":["post-91283","post","type-post","status-publish","format-standard","has-post-thumbnail","hentry","category-our-news-fr"],"acf":[],"_links":{"self":[{"href":"https:\/\/iumsonline.cloud\/fr\/wp-json\/wp\/v2\/posts\/91283","targetHints":{"allow":["GET"]}}],"collection":[{"href":"https:\/\/iumsonline.cloud\/fr\/wp-json\/wp\/v2\/posts"}],"about":[{"href":"https:\/\/iumsonline.cloud\/fr\/wp-json\/wp\/v2\/types\/post"}],"replies":[{"embeddable":true,"href":"https:\/\/iumsonline.cloud\/fr\/wp-json\/wp\/v2\/comments?post=91283"}],"version-history":[{"count":0,"href":"https:\/\/iumsonline.cloud\/fr\/wp-json\/wp\/v2\/posts\/91283\/revisions"}],"wp:featuredmedia":[{"embeddable":true,"href":"https:\/\/iumsonline.cloud\/fr\/wp-json\/wp\/v2\/media\/92627"}],"wp:attachment":[{"href":"https:\/\/iumsonline.cloud\/fr\/wp-json\/wp\/v2\/media?parent=91283"}],"wp:term":[{"taxonomy":"category","embeddable":true,"href":"https:\/\/iumsonline.cloud\/fr\/wp-json\/wp\/v2\/categories?post=91283"},{"taxonomy":"post_tag","embeddable":true,"href":"https:\/\/iumsonline.cloud\/fr\/wp-json\/wp\/v2\/tags?post=91283"}],"curies":[{"name":"wp","href":"https:\/\/api.w.org\/{rel}","templated":true}]}}