{"id":91277,"date":"2023-10-29T09:37:47","date_gmt":"2023-10-29T09:37:47","guid":{"rendered":"https:\/\/iumsonline.cloud\/2023\/10\/29\/fin-dun-concours-coranique-au-senegal\/"},"modified":"2023-10-29T09:37:47","modified_gmt":"2023-10-29T09:37:47","slug":"fin-dun-concours-coranique-au-senegal","status":"publish","type":"post","link":"https:\/\/iumsonline.cloud\/fr\/2023\/10\/29\/fin-dun-concours-coranique-au-senegal\/","title":{"rendered":"Fin d&#8217;un concours coranique au S\u00e9n\u00e9gal"},"content":{"rendered":"<h2 dir=\"LTR\" style=\"margin: 0 0 0.0001pt; background: rgba(255, 255, 255, 1)\"><span lang=\"FR\" style=\"font-size: 22.5pt; font-family: &quot;Georgia&quot;, &quot;serif&quot;; color: rgba(112, 48, 160, 1)\">Fin d&#8217;un concours coranique au S\u00e9n\u00e9gal<\/span><\/h2>\n<p dir=\"LTR\" style=\"text-align: left; direction: ltr; unicode-bidi: embed\"><span lang=\"FR\" style=\"font-family: &quot;Georgia&quot;, &quot;serif&quot;\">&nbsp;<\/span><\/p>\n<p dir=\"LTR\" style=\"margin-bottom: 7.5pt; text-align: left; line-height: 15.75pt; background: rgba(248, 248, 248, 1); direction: ltr; unicode-bidi: embed\"><span lang=\"FR\" style=\"font-size: 15pt; font-family: &quot;Georgia&quot;, &quot;serif&quot;; color: rgba(0, 0, 0, 1)\">DAKAR-Le concours de r\u00e9citation du Coran du Conseil Sup\u00e9rieur des Ma\u00eetres Coraniques du S\u00e9n\u00e9gal (CSMCS) 2023 a \u00e9t\u00e9 organis\u00e9 et les laur\u00e9ats en ont \u00e9t\u00e9 r\u00e9compens\u00e9s.<\/span><\/p>\n<p dir=\"LTR\" style=\"text-align: left; direction: ltr; unicode-bidi: embed\"><span lang=\"FR\" style=\"font-size: 15pt; line-height: 115%; font-family: &quot;Georgia&quot;, &quot;serif&quot;\">Le Conseil Sup\u00e9rieur des Ma\u00eetres Coraniques du S\u00e9n\u00e9gal (CSMCS), a tenu la c\u00e9r\u00e9monie finale de la 3e \u00e9dition de son Concours de r\u00e9citation du Coran, ce mercredi 25 octobre, \u00e0 l&#8217;Institut islamique de Dakar.<\/span><\/p>\n<p dir=\"LTR\" style=\"text-align: left; direction: ltr; unicode-bidi: embed\"><span dir=\"RTL\" lang=\"AR-QA\" style=\"font-size: 15pt; line-height: 115%; font-family: &quot;Arial&quot;, &quot;sans-serif&quot;\">&nbsp;<\/span><\/p>\n<p dir=\"LTR\" style=\"text-align: left; direction: ltr; unicode-bidi: embed\"><span lang=\"FR\" style=\"font-size: 15pt; line-height: 115%; font-family: &quot;Georgia&quot;, &quot;serif&quot;\">Le Conseil contribue ainsi, \u00e0 la 1\u00e8re \u00e9dition du Grand Prix International du Chef de l&#8217;\u00c9tat pour le concours de r\u00e9citation du Coran. Par la meme occasion, des prix ont \u00e9t\u00e9 remis aux 14 laur\u00e9ats.<\/span><\/p>\n","protected":false},"excerpt":{"rendered":"<p>DAKAR-Le concours de r\u00e9citation du Coran du Conseil Sup\u00e9rieur des Ma\u00eetres Coraniques du S\u00e9n\u00e9gal (CSMCS) 2023 a \u00e9t\u00e9 organis\u00e9 et les laur\u00e9ats en ont \u00e9t\u00e9 r\u00e9compens\u00e9s.<\/p>\n","protected":false},"author":0,"featured_media":92626,"comment_status":"open","ping_status":"open","sticky":false,"template":"","format":"standard","meta":{"_acf_changed":false,"footnotes":""},"categories":[415],"tags":[],"class_list":["post-91277","post","type-post","status-publish","format-standard","has-post-thumbnail","hentry","category-our-news-fr"],"acf":[],"_links":{"self":[{"href":"https:\/\/iumsonline.cloud\/fr\/wp-json\/wp\/v2\/posts\/91277","targetHints":{"allow":["GET"]}}],"collection":[{"href":"https:\/\/iumsonline.cloud\/fr\/wp-json\/wp\/v2\/posts"}],"about":[{"href":"https:\/\/iumsonline.cloud\/fr\/wp-json\/wp\/v2\/types\/post"}],"replies":[{"embeddable":true,"href":"https:\/\/iumsonline.cloud\/fr\/wp-json\/wp\/v2\/comments?post=91277"}],"version-history":[{"count":0,"href":"https:\/\/iumsonline.cloud\/fr\/wp-json\/wp\/v2\/posts\/91277\/revisions"}],"wp:featuredmedia":[{"embeddable":true,"href":"https:\/\/iumsonline.cloud\/fr\/wp-json\/wp\/v2\/media\/92626"}],"wp:attachment":[{"href":"https:\/\/iumsonline.cloud\/fr\/wp-json\/wp\/v2\/media?parent=91277"}],"wp:term":[{"taxonomy":"category","embeddable":true,"href":"https:\/\/iumsonline.cloud\/fr\/wp-json\/wp\/v2\/categories?post=91277"},{"taxonomy":"post_tag","embeddable":true,"href":"https:\/\/iumsonline.cloud\/fr\/wp-json\/wp\/v2\/tags?post=91277"}],"curies":[{"name":"wp","href":"https:\/\/api.w.org\/{rel}","templated":true}]}}