{"id":91230,"date":"2024-01-17T11:13:30","date_gmt":"2024-01-17T11:13:30","guid":{"rendered":"https:\/\/iumsonline.cloud\/2024\/01\/17\/accord-de-numerisation-des-livres-islamiques-au-qatar\/"},"modified":"2024-01-17T11:13:30","modified_gmt":"2024-01-17T11:13:30","slug":"accord-de-numerisation-des-livres-islamiques-au-qatar","status":"publish","type":"post","link":"https:\/\/iumsonline.cloud\/fr\/2024\/01\/17\/accord-de-numerisation-des-livres-islamiques-au-qatar\/","title":{"rendered":"Accord de num\u00e9risation des livres islamiques au Qatar"},"content":{"rendered":"<h2 dir=\"LTR\" style=\"margin: 0 0 0.0001pt; background: rgba(255, 255, 255, 1)\"><span style=\"font-size: 22.5pt; font-family: Ebrima; color: rgba(0, 176, 240, 1)\">Accord de num\u00e9risation des livres islamiques au Qatar<\/span><\/h2>\n<p dir=\"LTR\" style=\"text-align: left; direction: ltr; unicode-bidi: embed\"><span dir=\"RTL\" lang=\"AR-QA\" style=\"font-size: 14pt; line-height: 115%; font-family: &quot;Arial&quot;, sans-serif\">&nbsp;<\/span><\/p>\n<p dir=\"LTR\" style=\"text-align: left; direction: ltr; unicode-bidi: embed\"><span style=\"font-size: 14pt; line-height: 115%\">-La Biblioth\u00e8que nationale du Qatar et le minist\u00e8re des Affaires religieuses de ce pays ont sign\u00e9 un accord visant \u00e0 num\u00e9riser les livres islamiques.<\/span><\/p>\n<p dir=\"LTR\" style=\"text-align: left; direction: ltr; unicode-bidi: embed\"><span style=\"font-size: 14pt; line-height: 115%\">Selon le journal qatari Peninsula, le D\u00e9partement des recherches et des \u00e9tudes islamiques du minist\u00e8re des Affaires religieuses et des biens religieux, ainsi que la Biblioth\u00e8que nationale du Qatar ont sign\u00e9 un accord pour la num\u00e9risation de livres et de manuscrits islamiques.<\/span><\/p>\n<p dir=\"LTR\" style=\"text-align: left; direction: ltr; unicode-bidi: embed\"><span dir=\"RTL\" lang=\"AR-QA\" style=\"font-size: 14pt; line-height: 115%; font-family: &quot;Arial&quot;, sans-serif\">&nbsp;<\/span><\/p>\n<p dir=\"LTR\" style=\"text-align: left; direction: ltr; unicode-bidi: embed\"><span style=\"font-size: 14pt; line-height: 115%\">Selon cet accord, la Biblioth\u00e8que nationale du Qatar collaborera avec le Centre Cheikh Abdullah bin Zaid Al Mahmoud, g\u00e9r\u00e9 par ce minist\u00e8re, dans l&#8217;enseignement de la langue arabe aux non-arabophones.<\/span><\/p>\n<p dir=\"LTR\" style=\"text-align: left; direction: ltr; unicode-bidi: embed\"><span dir=\"RTL\" lang=\"AR-QA\" style=\"font-size: 14pt; line-height: 115%; font-family: &quot;Arial&quot;, sans-serif\">&nbsp;<\/span><\/p>\n<p dir=\"LTR\" style=\"text-align: left; direction: ltr; unicode-bidi: embed\"><span style=\"font-size: 14pt; line-height: 115%\">Cette biblioth\u00e8que ajoutera \u00e9galement des livres \u00e9lectroniques sur l&#8217;enseignement de l&#8217;alphabet aux ressources \u00e9lectroniques destin\u00e9es aux enfants du minist\u00e8re des Affaires religieuses et des owqaf.<\/span><\/p>\n<p dir=\"LTR\" style=\"text-align: left; direction: ltr; unicode-bidi: embed\"><span dir=\"RTL\" lang=\"AR-QA\" style=\"font-size: 14pt; line-height: 115%; font-family: &quot;Arial&quot;, sans-serif\">&nbsp;<\/span><\/p>\n<p dir=\"LTR\" style=\"text-align: left; direction: ltr; unicode-bidi: embed\"><span style=\"font-size: 14pt; line-height: 115%\">L&#8217;accord a \u00e9t\u00e9 sign\u00e9 par Cheikh Ahmed bin Mohammed bin Ghanem Al Thani, directeur du Groupe de recherche et d&#8217;\u00e9tudes islamiques du minist\u00e8re, et Abir Al Kuwari, directrice de la recherche et des services \u00e9ducatifs de la Biblioth\u00e8que nationale du Qatar.<\/span><\/p>\n<p dir=\"LTR\" style=\"text-align: left; direction: ltr; unicode-bidi: embed\"><span dir=\"RTL\" lang=\"AR-QA\" style=\"font-size: 14pt; line-height: 115%; font-family: &quot;Arial&quot;, sans-serif\">&nbsp;<\/span><\/p>\n<p dir=\"LTR\" style=\"text-align: left; direction: ltr; unicode-bidi: embed\"><span style=\"font-size: 14pt; line-height: 115%\">Cheikh Ahmed a d\u00e9clar\u00e9 lors de cet \u00e9v\u00e9nement que cet accord couvrait des domaines tels que le social, le scientifique, le culturel, etc., qui b\u00e9n\u00e9ficiaient aux deux parties. Cet accord s&#8217;inscrit dans le renforcement de la participation de la soci\u00e9t\u00e9 avec les institutions scientifiques et culturelles afin de coop\u00e9rer de mani\u00e8re \u00e0 assurer leurs int\u00e9r\u00eats communs et d&#8217;aider les centres de recherche.<\/span><\/p>\n<p dir=\"LTR\" style=\"text-align: left; direction: ltr; unicode-bidi: embed\"><span dir=\"RTL\" lang=\"AR-QA\" style=\"font-size: 14pt; line-height: 115%; font-family: &quot;Arial&quot;, sans-serif\">&nbsp;<\/span><\/p>\n<p dir=\"LTR\" style=\"text-align: left; direction: ltr; unicode-bidi: embed\"><span style=\"font-size: 14pt; line-height: 115%\">Il a ajout\u00e9 : &#8220;Le m\u00e9morandum de coop\u00e9ration comprend 17 articles qui couvrent tous les domaines importants, r\u00e9pondent aux besoins et pr\u00e9parent \u00e0 l&#8217;avenir. L&#8217;objectif du minist\u00e8re des Affaires religieuses est de g\u00e9rer les affaires religieuses du pays et de promouvoir le message de l&#8217;islam dans la consolidation des valeurs humaines, des principes et des id\u00e9aux \u00e9thiques \u00e9lev\u00e9s, ainsi que de son impact durable sur l&#8217;am\u00e9lioration de la vie des gens.&#8221;<\/span><\/p>\n","protected":false},"excerpt":{"rendered":"<p>-La Biblioth\u00e8que nationale du Qatar et le minist\u00e8re des Affaires religieuses de ce pays ont sign\u00e9 un accord visant \u00e0 num\u00e9riser les livres islamiques.<\/p>\n","protected":false},"author":0,"featured_media":92533,"comment_status":"open","ping_status":"open","sticky":false,"template":"","format":"standard","meta":{"_acf_changed":false,"footnotes":""},"categories":[415],"tags":[],"class_list":["post-91230","post","type-post","status-publish","format-standard","has-post-thumbnail","hentry","category-our-news-fr"],"acf":[],"_links":{"self":[{"href":"https:\/\/iumsonline.cloud\/fr\/wp-json\/wp\/v2\/posts\/91230","targetHints":{"allow":["GET"]}}],"collection":[{"href":"https:\/\/iumsonline.cloud\/fr\/wp-json\/wp\/v2\/posts"}],"about":[{"href":"https:\/\/iumsonline.cloud\/fr\/wp-json\/wp\/v2\/types\/post"}],"replies":[{"embeddable":true,"href":"https:\/\/iumsonline.cloud\/fr\/wp-json\/wp\/v2\/comments?post=91230"}],"version-history":[{"count":0,"href":"https:\/\/iumsonline.cloud\/fr\/wp-json\/wp\/v2\/posts\/91230\/revisions"}],"wp:featuredmedia":[{"embeddable":true,"href":"https:\/\/iumsonline.cloud\/fr\/wp-json\/wp\/v2\/media\/92533"}],"wp:attachment":[{"href":"https:\/\/iumsonline.cloud\/fr\/wp-json\/wp\/v2\/media?parent=91230"}],"wp:term":[{"taxonomy":"category","embeddable":true,"href":"https:\/\/iumsonline.cloud\/fr\/wp-json\/wp\/v2\/categories?post=91230"},{"taxonomy":"post_tag","embeddable":true,"href":"https:\/\/iumsonline.cloud\/fr\/wp-json\/wp\/v2\/tags?post=91230"}],"curies":[{"name":"wp","href":"https:\/\/api.w.org\/{rel}","templated":true}]}}