{"id":91228,"date":"2024-01-17T12:03:30","date_gmt":"2024-01-17T12:03:30","guid":{"rendered":"https:\/\/iumsonline.cloud\/2024\/01\/17\/le-quebec-organise-une-semaine-de-la-decouverte-des-musulmans\/"},"modified":"2024-01-17T12:03:30","modified_gmt":"2024-01-17T12:03:30","slug":"le-quebec-organise-une-semaine-de-la-decouverte-des-musulmans","status":"publish","type":"post","link":"https:\/\/iumsonline.cloud\/fr\/2024\/01\/17\/le-quebec-organise-une-semaine-de-la-decouverte-des-musulmans\/","title":{"rendered":"Le Qu\u00e9bec organise une semaine de la d\u00e9couverte des musulmans"},"content":{"rendered":"<h2 dir=\"LTR\" style=\"margin: 0 0 0.0001pt; background: rgba(255, 255, 255, 1)\"><span style=\"font-size: 22.5pt; font-family: Ebrima; color: rgba(0, 176, 240, 1)\">Le Qu\u00e9bec organise une semaine de la d\u00e9couverte des musulmans<\/span><\/h2>\n<h2 dir=\"LTR\" style=\"margin: 0 0 0.0001pt; background: rgba(255, 255, 255, 1)\"><span dir=\"RTL\" lang=\"AR-SA\" style=\"font-size: 22.5pt; font-family: &quot;Arial&quot;, sans-serif; color: rgba(0, 176, 240, 1)\">&nbsp;<\/span><\/h2>\n<h2 dir=\"LTR\" style=\"background: rgba(255, 255, 255, 1)\"><span style=\"font-size: 14pt; font-family: &quot;Arial&quot;, sans-serif; font-weight: normal\">Le 25 janvier \u00e0 13h00, les m\u00e9dias et citoyens\/citoyennes sont invit\u00e9s \u00e0 assister au lancement de cette Semaine, qui r\u00e9unira des politiciens et des repr\u00e9sentants de diverses communaut\u00e9s. Il s\u2019agira d\u2019un \u00e9v\u00e9nement en pr\u00e9sentiel qui sera projet\u00e9 \u00e9galement en Facebook live.<\/span><\/h2>\n<h2 dir=\"LTR\" style=\"background: rgba(255, 255, 255, 1)\"><span dir=\"RTL\" lang=\"AR-SA\" style=\"font-size: 14pt; font-family: &quot;Arial&quot;, sans-serif; font-weight: normal\">&nbsp;<\/span><\/h2>\n<h2 dir=\"LTR\" style=\"background: rgba(255, 255, 255, 1)\"><span style=\"font-size: 14pt; font-family: &quot;Arial&quot;, sans-serif; font-weight: normal\">Lieu: H\u00f4tel de ville \u2013 \u00c9difice Lucien-Saulnier: 155, rue Notre-Dame Est, Montr\u00e9al, Qu\u00e9bec, H2Y 1B5<\/span><\/h2>\n<h2 dir=\"LTR\" style=\"background: rgba(255, 255, 255, 1)\"><span dir=\"RTL\" lang=\"AR-SA\" style=\"font-size: 14pt; font-family: &quot;Arial&quot;, sans-serif; font-weight: normal\">&nbsp;<\/span><\/h2>\n<h2 dir=\"LTR\" style=\"background: rgba(255, 255, 255, 1)\"><span style=\"font-size: 14pt; font-family: &quot;Arial&quot;, sans-serif; font-weight: normal\">\u00ab Nous venons tous d\u2019horizons et de milieux diff\u00e9rents, mais nous sommes tous de fiers Qu\u00e9b\u00e9cois, et lorsque nous allons \u00e0 la rencontre de l\u2019autre pour mieux nous conna\u00eetre, tout le monde y gagne\u00bb, a d\u00e9clar\u00e9 Samira Laouni, pr\u00e9sidente du conseil d\u2019administration de la Semaine de d\u00e9couverte des musulmans.<\/span><\/h2>\n<h2 dir=\"LTR\" style=\"background: rgba(255, 255, 255, 1)\"><span dir=\"RTL\" lang=\"AR-SA\" style=\"font-size: 14pt; font-family: &quot;Arial&quot;, sans-serif; font-weight: normal\">&nbsp;<\/span><\/h2>\n<h2 dir=\"LTR\" style=\"background: rgba(255, 255, 255, 1)\"><span style=\"font-size: 14pt; font-family: &quot;Arial&quot;, sans-serif; font-weight: normal\">La Semaine de d\u00e9couverte des musulmans se veut un \u00e9v\u00e9nement rassembleur, offrant une programmation captivante et diversifi\u00e9e comprenant des c\u00e9r\u00e9monies comm\u00e9moratives, des tables rondes et des r\u00e9flexions artistiques sur les multiples facettes des communaut\u00e9s musulmanes du Qu\u00e9bec. Pendant sept jours, plus de 20 \u00e9v\u00e9nements seront organis\u00e9s en fran\u00e7ais, en anglais ou dans les deux langues; des partenaires \u00e0 travers la province, notamment \u00e0 Montr\u00e9al, Laval, Longueuil, Gatineau, Brossard et Qu\u00e9bec, s\u2019y joindront.<\/span><\/h2>\n<h2 dir=\"LTR\" style=\"background: rgba(255, 255, 255, 1)\"><span dir=\"RTL\" lang=\"AR-SA\" style=\"font-size: 14pt; font-family: &quot;Arial&quot;, sans-serif; font-weight: normal\">&nbsp;<\/span><\/h2>\n<h2 dir=\"LTR\" style=\"margin: 0 0 0.0001pt; background: rgba(255, 255, 255, 1)\"><span style=\"font-size: 14pt; font-family: &quot;Arial&quot;, sans-serif; font-weight: normal\">Le programme de cette ann\u00e9e aura une signification suppl\u00e9mentaire avec la c\u00e9l\u00e9bration de la premi\u00e8re Journ\u00e9e nationale de comm\u00e9moration de l\u2019attentat \u00e0 la mosqu\u00e9e de Qu\u00e9bec et d\u2019action contre l\u2019islamophobie, le samedi 29 janvier, marquant le cinqui\u00e8me anniversaire de l\u2019attaque tragique contre les fid\u00e8les du Centre culturel islamique du Qu\u00e9bec.<\/span><\/h2>\n<p dir=\"LTR\" style=\"text-align: left; direction: ltr; unicode-bidi: embed\"><span>&nbsp;<\/span><\/p>\n","protected":false},"excerpt":{"rendered":"<p>Le 25 janvier \u00e0 13h00, les m\u00e9dias et citoyens\/citoyennes sont invit\u00e9s \u00e0 assister au lancement de cette Semaine, qui r\u00e9unira des politiciens et des repr\u00e9sentants de diverses communaut\u00e9s. Il s\u2019agira d\u2019un \u00e9v\u00e9nement en pr\u00e9sentiel qui sera projet\u00e9 \u00e9galement en Facebook live.<\/p>\n","protected":false},"author":0,"featured_media":92532,"comment_status":"open","ping_status":"open","sticky":false,"template":"","format":"standard","meta":{"_acf_changed":false,"footnotes":""},"categories":[415],"tags":[],"class_list":["post-91228","post","type-post","status-publish","format-standard","has-post-thumbnail","hentry","category-our-news-fr"],"acf":[],"_links":{"self":[{"href":"https:\/\/iumsonline.cloud\/fr\/wp-json\/wp\/v2\/posts\/91228","targetHints":{"allow":["GET"]}}],"collection":[{"href":"https:\/\/iumsonline.cloud\/fr\/wp-json\/wp\/v2\/posts"}],"about":[{"href":"https:\/\/iumsonline.cloud\/fr\/wp-json\/wp\/v2\/types\/post"}],"replies":[{"embeddable":true,"href":"https:\/\/iumsonline.cloud\/fr\/wp-json\/wp\/v2\/comments?post=91228"}],"version-history":[{"count":0,"href":"https:\/\/iumsonline.cloud\/fr\/wp-json\/wp\/v2\/posts\/91228\/revisions"}],"wp:featuredmedia":[{"embeddable":true,"href":"https:\/\/iumsonline.cloud\/fr\/wp-json\/wp\/v2\/media\/92532"}],"wp:attachment":[{"href":"https:\/\/iumsonline.cloud\/fr\/wp-json\/wp\/v2\/media?parent=91228"}],"wp:term":[{"taxonomy":"category","embeddable":true,"href":"https:\/\/iumsonline.cloud\/fr\/wp-json\/wp\/v2\/categories?post=91228"},{"taxonomy":"post_tag","embeddable":true,"href":"https:\/\/iumsonline.cloud\/fr\/wp-json\/wp\/v2\/tags?post=91228"}],"curies":[{"name":"wp","href":"https:\/\/api.w.org\/{rel}","templated":true}]}}