{"id":91226,"date":"2024-01-18T13:14:08","date_gmt":"2024-01-18T13:14:08","guid":{"rendered":"https:\/\/iumsonline.cloud\/2024\/01\/18\/133-participants-aux-competitions-coraniques-nationales-de-lalgerie\/"},"modified":"2024-01-18T13:14:08","modified_gmt":"2024-01-18T13:14:08","slug":"133-participants-aux-competitions-coraniques-nationales-de-lalgerie","status":"publish","type":"post","link":"https:\/\/iumsonline.cloud\/fr\/2024\/01\/18\/133-participants-aux-competitions-coraniques-nationales-de-lalgerie\/","title":{"rendered":"133 participants aux comp\u00e9titions coraniques nationales de l\u2019Alg\u00e9rie"},"content":{"rendered":"<h2 dir=\"LTR\" style=\"margin: 0 0 0.0001pt; background: rgba(255, 255, 255, 1)\"><span style=\"font-size: 22.5pt; font-family: Ebrima; color: rgba(0, 176, 240, 1)\">133 participants aux comp\u00e9titions coraniques nationales de l\u2019Alg\u00e9rie<\/span><\/h2>\n<p dir=\"LTR\" style=\"text-align: left; direction: ltr; unicode-bidi: embed\"><span dir=\"RTL\" lang=\"AR-SA\" style=\"font-family: &quot;Arial&quot;, sans-serif\">&nbsp;<\/span><\/p>\n<p dir=\"LTR\" style=\"text-align: left; direction: ltr; unicode-bidi: embed\"><span style=\"font-size: 14pt; line-height: 115%\">-Les phases pr\u00e9liminaires des comp\u00e9titions nationales du Coran en Alg\u00e9rie ont eu lieu virtuellement avec la participation de 133 concurrents venant de diff\u00e9rentes provinces alg\u00e9riennes dans diff\u00e9rentes cat\u00e9gories de m\u00e9morisation, r\u00e9citation et interpr\u00e9tation.<\/span><\/p>\n<p dir=\"LTR\" style=\"text-align: left; direction: ltr; unicode-bidi: embed\"><span style=\"font-size: 14pt; line-height: 115%\">Selon le site d&#8217;information entv.dz, le minist\u00e8re des Affaires religieuses et des Wakfs en Alg\u00e9rie a annonc\u00e9 dans un communiqu\u00e9 que les phases pr\u00e9liminaires des comp\u00e9titions coraniques nationales en Alg\u00e9rie se sont achev\u00e9es le mercredi 10 janvier, et les participants se sont affront\u00e9s virtuellement pendant trois jours.<\/span><\/p>\n<p dir=\"LTR\" style=\"text-align: left; direction: ltr; unicode-bidi: embed\"><span dir=\"RTL\" lang=\"AR-SA\" style=\"font-size: 14pt; line-height: 115%; font-family: &quot;Arial&quot;, sans-serif\">&nbsp;<\/span><\/p>\n<p dir=\"LTR\" style=\"text-align: left; direction: ltr; unicode-bidi: embed\"><span style=\"font-size: 14pt; line-height: 115%\">Dans ce communiqu\u00e9, il est mentionn\u00e9 que 133 concurrents de diff\u00e9rentes provinces d&#8217;Alg\u00e9rie ont particip\u00e9 \u00e0 ces comp\u00e9titions virtuelles, et les membres du comit\u00e9 des juges, install\u00e9s au si\u00e8ge du minist\u00e8re des Affaires religieuses et des Wakfs en Alg\u00e9rie, ont \u00e9valu\u00e9 les performances des participants.<\/span><\/p>\n<p dir=\"LTR\" style=\"text-align: left; direction: ltr; unicode-bidi: embed\"><span dir=\"RTL\" lang=\"AR-SA\" style=\"font-size: 14pt; line-height: 115%; font-family: &quot;Arial&quot;, sans-serif\">&nbsp;<\/span><\/p>\n<p dir=\"LTR\" style=\"text-align: left; direction: ltr; unicode-bidi: embed\"><span style=\"font-size: 14pt; line-height: 115%\">Selon le communiqu\u00e9 du minist\u00e8re des Affaires religieuses et des Wakfs en Alg\u00e9rie, les participants \u00e0 ces comp\u00e9titions ont pr\u00e9sent\u00e9 leurs performances dans diff\u00e9rentes cat\u00e9gories de m\u00e9morisation, r\u00e9citation et interpr\u00e9tation du Coran, et les meilleurs repr\u00e9senteront ce pays lors des comp\u00e9titions coraniques internationales de l\u2019Alg\u00e9rie.<\/span><\/p>\n<p dir=\"LTR\" style=\"text-align: left; direction: ltr; unicode-bidi: embed\"><span dir=\"RTL\" lang=\"AR-SA\" style=\"font-size: 14pt; line-height: 115%; font-family: &quot;Arial&quot;, sans-serif\">&nbsp;<\/span><\/p>\n<p dir=\"LTR\" style=\"text-align: left; direction: ltr; unicode-bidi: embed\"><span style=\"font-size: 14pt; line-height: 115%\">De plus, \u00e0 la fin de ces comp\u00e9titions, les personnes qualifi\u00e9es pour la phase finale des comp\u00e9titions nationales du Coran en Alg\u00e9rie et la comp\u00e9tition nationale de m\u00e9morisation pour les jeunes r\u00e9citants du Coran, qui se tiendra pendant le mois sacr\u00e9 du Ramadan, ont \u00e9t\u00e9 annonc\u00e9es.<\/span><\/p>\n<p dir=\"LTR\" style=\"text-align: left; direction: ltr; unicode-bidi: embed\"><span dir=\"RTL\" lang=\"AR-SA\" style=\"font-size: 14pt; line-height: 115%; font-family: &quot;Arial&quot;, sans-serif\">&nbsp;<\/span><\/p>\n<p dir=\"LTR\" style=\"text-align: left; direction: ltr; unicode-bidi: embed\"><span style=\"font-size: 14pt; line-height: 115%\">Il convient de rappeler que les comp\u00e9titions internationales de m\u00e9morisation du Coran et de r\u00e9citation auront lieu en Alg\u00e9rie au mois de Rajab.<\/span><\/p>\n","protected":false},"excerpt":{"rendered":"<p>-Les phases pr\u00e9liminaires des comp\u00e9titions nationales du Coran en Alg\u00e9rie ont eu lieu virtuellement avec la participation de 133 concurrents venant de diff\u00e9rentes provinces alg\u00e9riennes dans diff\u00e9rentes cat\u00e9gories de m\u00e9morisation, r\u00e9citation et interpr\u00e9tation.<\/p>\n","protected":false},"author":0,"featured_media":92531,"comment_status":"open","ping_status":"open","sticky":false,"template":"","format":"standard","meta":{"_acf_changed":false,"footnotes":""},"categories":[415],"tags":[],"class_list":["post-91226","post","type-post","status-publish","format-standard","has-post-thumbnail","hentry","category-our-news-fr"],"acf":[],"_links":{"self":[{"href":"https:\/\/iumsonline.cloud\/fr\/wp-json\/wp\/v2\/posts\/91226","targetHints":{"allow":["GET"]}}],"collection":[{"href":"https:\/\/iumsonline.cloud\/fr\/wp-json\/wp\/v2\/posts"}],"about":[{"href":"https:\/\/iumsonline.cloud\/fr\/wp-json\/wp\/v2\/types\/post"}],"replies":[{"embeddable":true,"href":"https:\/\/iumsonline.cloud\/fr\/wp-json\/wp\/v2\/comments?post=91226"}],"version-history":[{"count":0,"href":"https:\/\/iumsonline.cloud\/fr\/wp-json\/wp\/v2\/posts\/91226\/revisions"}],"wp:featuredmedia":[{"embeddable":true,"href":"https:\/\/iumsonline.cloud\/fr\/wp-json\/wp\/v2\/media\/92531"}],"wp:attachment":[{"href":"https:\/\/iumsonline.cloud\/fr\/wp-json\/wp\/v2\/media?parent=91226"}],"wp:term":[{"taxonomy":"category","embeddable":true,"href":"https:\/\/iumsonline.cloud\/fr\/wp-json\/wp\/v2\/categories?post=91226"},{"taxonomy":"post_tag","embeddable":true,"href":"https:\/\/iumsonline.cloud\/fr\/wp-json\/wp\/v2\/tags?post=91226"}],"curies":[{"name":"wp","href":"https:\/\/api.w.org\/{rel}","templated":true}]}}