{"id":91204,"date":"2024-03-06T10:34:31","date_gmt":"2024-03-06T10:34:31","guid":{"rendered":"https:\/\/iumsonline.cloud\/2024\/03\/06\/augmentation-de-365-des-actes-lislamophobes-en-angleterre\/"},"modified":"2024-03-06T10:34:31","modified_gmt":"2024-03-06T10:34:31","slug":"augmentation-de-365-des-actes-lislamophobes-en-angleterre","status":"publish","type":"post","link":"https:\/\/iumsonline.cloud\/fr\/2024\/03\/06\/augmentation-de-365-des-actes-lislamophobes-en-angleterre\/","title":{"rendered":"Augmentation de 365 % des actes l&#8217;islamophobes en Angleterre"},"content":{"rendered":"<p dir=\"LTR\" style=\"text-align: left; line-height: normal; background: rgba(255, 255, 255, 1); direction: ltr; unicode-bidi: embed\"><strong><span style=\"font-size: 22.5pt; font-family: Ebrima; color: rgba(0, 112, 192, 1)\">Augmentation de 365 % des actes l&#8217;islamophobes en Angleterre<\/span><\/strong><\/p>\n<p dir=\"LTR\" style=\"text-align: left; direction: ltr; unicode-bidi: embed\"><span dir=\"RTL\" lang=\"AR-SA\" style=\"font-family: &quot;Arial&quot;, sans-serif\">&nbsp;<\/span><\/p>\n<p dir=\"LTR\" style=\"text-align: left; direction: ltr; unicode-bidi: embed\"><span style=\"font-size: 14pt; line-height: 115%; color: rgba(0, 176, 240, 1)\">-Depuis le d\u00e9but de la guerre \u00e0 Gaza, les actes islamophobes au Royaume-Uni, ont augment\u00e9 de 365 %.<\/span><\/p>\n<p dir=\"LTR\" style=\"text-align: left; direction: ltr; unicode-bidi: embed\"><span style=\"font-size: 14pt; line-height: 115%\">Les musulmans d&#8217;Angleterre disent avoir peur de quitter leur domicile la nuit, \u00e9tant donn\u00e9 les statistiques alarmantes sur la propagation de l\u2019islamophobie, et de nombreux incidents pour leur soutien \u00e0 la Palestine<\/span><span dir=\"RTL\" lang=\"AR-SA\" style=\"font-size: 14pt; line-height: 115%; font-family: &quot;Arial&quot;, sans-serif\">.<\/span><\/p>\n<p dir=\"LTR\" style=\"text-align: left; direction: ltr; unicode-bidi: embed\"><span style=\"font-size: 14pt; line-height: 115%\">&nbsp;<\/span><\/p>\n<p dir=\"LTR\" style=\"text-align: left; direction: ltr; unicode-bidi: embed\"><span style=\"font-size: 14pt; line-height: 115%\">Des musulmans ont d\u00e9clar\u00e9 au journal \u00ab The Independent \u00bb que leurs maisons avaient \u00e9t\u00e9 bombard\u00e9es de briques, \u00e0 cause du drapeau palestinien qu\u2019ils avaient mis \u00e0 leurs fen\u00eatres. Un enfant musulman a \u00e9galement d\u00e9clar\u00e9 avoir \u00e9t\u00e9 questionn\u00e9 par ses professeurs, apr\u00e8s avoir affich\u00e9 un symbole palestinien \u00e0 l&#8217;\u00e9cole<\/span><span dir=\"RTL\" lang=\"AR-SA\" style=\"font-size: 14pt; line-height: 115%; font-family: &quot;Arial&quot;, sans-serif\">.<\/span><\/p>\n<p dir=\"LTR\" style=\"text-align: left; direction: ltr; unicode-bidi: embed\"><span style=\"font-size: 14pt; line-height: 115%\">&nbsp;<\/span><\/p>\n<p dir=\"LTR\" style=\"text-align: left; direction: ltr; unicode-bidi: embed\"><span style=\"font-size: 14pt; line-height: 115%\">Majid Iqbal, pr\u00e9sident de l\u2019Association islamique (IRU), a d\u00e9clar\u00e9 : \u00ab Depuis octobre 2023, nous avons constat\u00e9 une augmentation constante des signalements envoy\u00e9s \u00e0 cette unit\u00e9. Cela devient une question \u00e0 long terme, avec un impact profond sur les personnes concern\u00e9es. Nous demandons \u00e0 la presse et aux hommes politiques de ne pas d\u00e9former la politique l\u00e9gitime de la Palestine et d&#8217;\u00e9viter d&#8217;alimenter l&#8217;islamophobie et de mettre en danger les musulmans d&#8217;Angleterre<\/span><span dir=\"RTL\" lang=\"AR-SA\" style=\"font-size: 14pt; line-height: 115%; font-family: &quot;Arial&quot;, sans-serif\"> \u00bb.<\/span><\/p>\n<p dir=\"LTR\" style=\"text-align: left; direction: ltr; unicode-bidi: embed\"><span style=\"font-size: 14pt; line-height: 115%\">&nbsp;<\/span><\/p>\n<p dir=\"LTR\" style=\"text-align: left; direction: ltr; unicode-bidi: embed\"><span style=\"font-size: 14pt; line-height: 115%\">Tell Mama qui enregistre les incidents de haine \u00e0 l\u2019encontre des musulmans, a annonc\u00e9 qu&#8217;entre le 7 octobre (2022) et le 7 f\u00e9vrier (2023), elle avait enregistr\u00e9 2010 incidents li\u00e9s \u00e0 la propagation de la haine contre les musulmans, alors que l\u2019ann\u00e9e derni\u00e8re, au cours de la m\u00eame p\u00e9riode, 600 cas avaient \u00e9t\u00e9 signal\u00e9s<\/span><span dir=\"RTL\" lang=\"AR-SA\" style=\"font-size: 14pt; line-height: 115%; font-family: &quot;Arial&quot;, sans-serif\">.<\/span><\/p>\n<p dir=\"LTR\" style=\"text-align: left; direction: ltr; unicode-bidi: embed\"><span style=\"font-size: 14pt; line-height: 115%\">&nbsp;<\/span><\/p>\n<p dir=\"LTR\" style=\"text-align: left; direction: ltr; unicode-bidi: embed\"><span style=\"font-size: 14pt; line-height: 115%\">Les statistiques et chiffres enregistr\u00e9s par ces deux centres, ont \u00e9t\u00e9 publi\u00e9s alors que la semaine derni\u00e8re, les d\u00e9clarations du d\u00e9put\u00e9 conservateur, Lee Anderson, contre les musulmans et Sadegh Khan, le maire de Londres, qui ont \u00e9t\u00e9 largement condamn\u00e9s comme islamophobes, ont amen\u00e9 le Parti conservateur \u00e0 suspendre son adh\u00e9sion.<\/span><\/p>\n","protected":false},"excerpt":{"rendered":"<p>Les musulmans d&#8217;Angleterre disent avoir peur de quitter leur domicile la nuit, \u00e9tant donn\u00e9 les statistiques alarmantes sur la propagation de l\u2019islamophobie, et de nombreux incidents pour leur soutien \u00e0 la Palestine.<\/p>\n","protected":false},"author":0,"featured_media":92515,"comment_status":"open","ping_status":"open","sticky":false,"template":"","format":"standard","meta":{"_acf_changed":false,"footnotes":""},"categories":[415],"tags":[],"class_list":["post-91204","post","type-post","status-publish","format-standard","has-post-thumbnail","hentry","category-our-news-fr"],"acf":[],"_links":{"self":[{"href":"https:\/\/iumsonline.cloud\/fr\/wp-json\/wp\/v2\/posts\/91204","targetHints":{"allow":["GET"]}}],"collection":[{"href":"https:\/\/iumsonline.cloud\/fr\/wp-json\/wp\/v2\/posts"}],"about":[{"href":"https:\/\/iumsonline.cloud\/fr\/wp-json\/wp\/v2\/types\/post"}],"replies":[{"embeddable":true,"href":"https:\/\/iumsonline.cloud\/fr\/wp-json\/wp\/v2\/comments?post=91204"}],"version-history":[{"count":0,"href":"https:\/\/iumsonline.cloud\/fr\/wp-json\/wp\/v2\/posts\/91204\/revisions"}],"wp:featuredmedia":[{"embeddable":true,"href":"https:\/\/iumsonline.cloud\/fr\/wp-json\/wp\/v2\/media\/92515"}],"wp:attachment":[{"href":"https:\/\/iumsonline.cloud\/fr\/wp-json\/wp\/v2\/media?parent=91204"}],"wp:term":[{"taxonomy":"category","embeddable":true,"href":"https:\/\/iumsonline.cloud\/fr\/wp-json\/wp\/v2\/categories?post=91204"},{"taxonomy":"post_tag","embeddable":true,"href":"https:\/\/iumsonline.cloud\/fr\/wp-json\/wp\/v2\/tags?post=91204"}],"curies":[{"name":"wp","href":"https:\/\/api.w.org\/{rel}","templated":true}]}}