{"id":91154,"date":"2024-04-27T11:52:55","date_gmt":"2024-04-27T11:52:55","guid":{"rendered":"https:\/\/iumsonline.cloud\/2024\/04\/27\/condoleances-presentees-et-discours-emouvant-lors-de-la-visite-en-turquie-du-dr-ali-al-qaradaghi\/"},"modified":"2024-04-27T11:52:55","modified_gmt":"2024-04-27T11:52:55","slug":"condoleances-presentees-et-discours-emouvant-lors-de-la-visite-en-turquie-du-dr-ali-al-qaradaghi","status":"publish","type":"post","link":"https:\/\/iumsonline.cloud\/fr\/2024\/04\/27\/condoleances-presentees-et-discours-emouvant-lors-de-la-visite-en-turquie-du-dr-ali-al-qaradaghi\/","title":{"rendered":"Condol\u00e9ances pr\u00e9sent\u00e9es et discours \u00e9mouvant lors de la visite en Turquie du Dr. Ali al-Qaradaghi"},"content":{"rendered":"<p dir=\"LTR\" style=\"text-align: left; direction: ltr; unicode-bidi: embed\"><strong><span lang=\"FR\" style=\"font-size: 16pt; line-height: 115%; color: rgba(0, 112, 192, 1)\">Condol\u00e9ances pr\u00e9sent\u00e9es et discours \u00e9mouvant lors de la visite en Turquie du Dr. Ali al-Qaradaghi<\/span><\/strong><\/p>\n<p dir=\"LTR\" style=\"text-align: left; direction: ltr; unicode-bidi: embed\"><span dir=\"RTL\" lang=\"AR-SA\" style=\"font-size: 14pt; line-height: 115%; font-family: &quot;Arial&quot;, sans-serif\">&nbsp;<\/span><\/p>\n<p dir=\"LTR\" style=\"text-align: left; direction: ltr; unicode-bidi: embed\"><span lang=\"FR\" style=\"font-size: 14pt; line-height: 115%\">Le Dr. Ali al-Qaradaghi, pr\u00e9sident de l&#8217;Union internationale des savants musulmans, s&#8217;est rendu en Turquie ce mercredi pour pr\u00e9senter ses condol\u00e9ances \u00e0 la famille du Cheikh Hassan Qalaji Efendi, pr\u00e9sident et cheikh de la Fondation Ismail Aga al-Naqshbandi (qu&#8217;Allah lui fasse mis\u00e9ricorde).<\/span><\/p>\n<p dir=\"LTR\" style=\"text-align: left; direction: ltr; unicode-bidi: embed\"><span lang=\"FR\" style=\"font-size: 14pt; line-height: 115%\"> En marge de ses condol\u00e9ances, le Dr. al-Qaradaghi a prononc\u00e9 un discours \u00e9mouvant, mettant en lumi\u00e8re les r\u00e9alisations et les services du d\u00e9funt, ainsi que ses nobles caract\u00e9ristiques morales et son engagement envers l&#8217;unit\u00e9 et la solidarit\u00e9 de la communaut\u00e9 musulmane.<\/span><\/p>\n<p dir=\"LTR\" style=\"text-align: left; direction: ltr; unicode-bidi: embed\"><span dir=\"RTL\" lang=\"AR-SA\" style=\"font-size: 14pt; line-height: 115%; font-family: &quot;Arial&quot;, sans-serif\">&nbsp;<\/span><\/p>\n<p dir=\"LTR\" style=\"text-align: left; direction: ltr; unicode-bidi: embed\"><span dir=\"RTL\" lang=\"AR-SA\" style=\"font-size: 14pt; line-height: 115%; font-family: &quot;Arial&quot;, sans-serif\">&nbsp;<\/span><\/p>\n<p dir=\"LTR\" style=\"text-align: left; direction: ltr; unicode-bidi: embed\"><span lang=\"FR\" style=\"font-size: 14pt; line-height: 115%\">Source : Bureau de presse<\/span><\/p>\n<p dir=\"LTR\" style=\"text-align: left; direction: ltr; unicode-bidi: embed\"><span dir=\"RTL\" lang=\"AR-SA\" style=\"font-size: 14pt; line-height: 115%; font-family: &quot;Arial&quot;, sans-serif\">&nbsp;<\/span><\/p>\n<p dir=\"LTR\" style=\"text-align: left; direction: ltr; unicode-bidi: embed\"><span lang=\"FR\" style=\"font-size: 14pt; line-height: 115%\">#\u00c0 Allah nous appartenons et \u00e0 lui nous retournons.<\/span><\/p>\n<p dir=\"LTR\" style=\"text-align: left; direction: ltr; unicode-bidi: embed\"><span dir=\"RTL\" lang=\"AR-SA\" style=\"font-size: 14pt; line-height: 115%; font-family: &quot;Arial&quot;, sans-serif\">&nbsp;<\/span><\/p>\n<p dir=\"LTR\" style=\"text-align: left; direction: ltr; unicode-bidi: embed\"><span style=\"font-size: 14pt; line-height: 115%\">#Turquie&nbsp;#Istanbul<\/span><\/p>\n","protected":false},"excerpt":{"rendered":"<p>Le Dr. Ali al-Qaradaghi, pr\u00e9sident de l&#8217;Union internationale des savants musulmans, s&#8217;est rendu en Turquie ce mercredi pour pr\u00e9senter ses condol\u00e9ances \u00e0 la famille du Cheikh Hassan Qalaji Efendi, pr\u00e9sident et cheikh de la Fondation Ismail Aga al-Naqshbandi (qu&#8217;Allah lui fasse mis\u00e9ricorde).<\/p>\n","protected":false},"author":0,"featured_media":92487,"comment_status":"open","ping_status":"open","sticky":false,"template":"","format":"standard","meta":{"_acf_changed":false,"footnotes":""},"categories":[415],"tags":[],"class_list":["post-91154","post","type-post","status-publish","format-standard","has-post-thumbnail","hentry","category-our-news-fr"],"acf":[],"_links":{"self":[{"href":"https:\/\/iumsonline.cloud\/fr\/wp-json\/wp\/v2\/posts\/91154","targetHints":{"allow":["GET"]}}],"collection":[{"href":"https:\/\/iumsonline.cloud\/fr\/wp-json\/wp\/v2\/posts"}],"about":[{"href":"https:\/\/iumsonline.cloud\/fr\/wp-json\/wp\/v2\/types\/post"}],"replies":[{"embeddable":true,"href":"https:\/\/iumsonline.cloud\/fr\/wp-json\/wp\/v2\/comments?post=91154"}],"version-history":[{"count":0,"href":"https:\/\/iumsonline.cloud\/fr\/wp-json\/wp\/v2\/posts\/91154\/revisions"}],"wp:featuredmedia":[{"embeddable":true,"href":"https:\/\/iumsonline.cloud\/fr\/wp-json\/wp\/v2\/media\/92487"}],"wp:attachment":[{"href":"https:\/\/iumsonline.cloud\/fr\/wp-json\/wp\/v2\/media?parent=91154"}],"wp:term":[{"taxonomy":"category","embeddable":true,"href":"https:\/\/iumsonline.cloud\/fr\/wp-json\/wp\/v2\/categories?post=91154"},{"taxonomy":"post_tag","embeddable":true,"href":"https:\/\/iumsonline.cloud\/fr\/wp-json\/wp\/v2\/tags?post=91154"}],"curies":[{"name":"wp","href":"https:\/\/api.w.org\/{rel}","templated":true}]}}