{"id":91127,"date":"2024-11-05T00:00:00","date_gmt":"2024-11-05T00:00:00","guid":{"rendered":"https:\/\/iumsonline.cloud\/2024\/11\/05\/al-qaradaghi-met-en-garde-contre-un-projet-de-loi-allemand-menacant-la-liberte-dexpression-et-visant-le-soutien-a-la-cause-palestinienne\/"},"modified":"2024-11-05T00:00:00","modified_gmt":"2024-11-05T00:00:00","slug":"al-qaradaghi-met-en-garde-contre-un-projet-de-loi-allemand-menacant-la-liberte-dexpression-et-visant-le-soutien-a-la-cause-palestinienne","status":"publish","type":"post","link":"https:\/\/iumsonline.cloud\/fr\/2024\/11\/05\/al-qaradaghi-met-en-garde-contre-un-projet-de-loi-allemand-menacant-la-liberte-dexpression-et-visant-le-soutien-a-la-cause-palestinienne\/","title":{"rendered":"Al-Qaradaghi met en garde contre un projet de loi allemand mena\u00e7ant la libert\u00e9 d&#8217;expression et visant le soutien \u00e0 la cause palestinienne"},"content":{"rendered":"<p class=\"MsoNormal\" style=\"margin: 0cm; font-size: 12pt; font-family: Aptos, sans-serif;\"><b><span style=\"font-size: 14pt; color: red;\">Al-Qaradaghi met en garde contre un projet de loi allemand mena\u00e7ant la libert\u00e9 d&#8217;expression et visant le soutien \u00e0 la cause palestinienne<o:p><\/o:p><\/span><\/b><\/p>\n<p class=\"MsoNormal\" style=\"margin: 0cm; font-size: 12pt; font-family: Aptos, sans-serif;\"><span style=\"font-size: 14pt;\">&nbsp;<\/span><\/p>\n<p class=\"MsoNormal\" style=\"margin: 0cm; font-size: 12pt; font-family: Aptos, sans-serif;\"><span style=\"font-size: 14pt;\">Le cheikh Dr. Ali Al-Qaradaghi, pr\u00e9sident de l&#8217;Union Internationale des Savants Musulmans, a appel\u00e9 la soci\u00e9t\u00e9 allemande dans toutes ses composantes, y compris les intellectuels, les institutions juridiques et civiles, \u00e0 prendre une position ferme face \u00e0 un projet de loi actuellement d\u00e9battu au parlement allemand sous le nom de &#8220;Loi de protection de la vie juive&#8221;.<o:p><\/o:p><\/span><\/p>\n<p class=\"MsoNormal\" style=\"margin: 0cm; font-size: 12pt; font-family: Aptos, sans-serif;\"><span style=\"font-size: 14pt;\">&nbsp;<\/span><\/p>\n<p class=\"MsoNormal\" style=\"margin: 0cm; font-size: 12pt; font-family: Aptos, sans-serif;\"><span style=\"font-size: 14pt;\">Le cheikh Al-Qaradaghi a exprim\u00e9 sa profonde inqui\u00e9tude quant aux cons\u00e9quences des actions et des lois qui sont promulgu\u00e9es pour soutenir l&#8217;occupation et manipuler l&#8217;opinion publique, affirmant que la libert\u00e9 d&#8217;opinion et d&#8217;expression fait partie int\u00e9grante de la dignit\u00e9 humaine.<o:p><\/o:p><\/span><\/p>\n<p class=\"MsoNormal\" style=\"margin: 0cm; font-size: 12pt; font-family: Aptos, sans-serif;\"><span style=\"font-size: 14pt;\">&nbsp;<\/span><\/p>\n<p class=\"MsoNormal\" style=\"margin: 0cm; font-size: 12pt; font-family: Aptos, sans-serif;\"><span style=\"font-size: 14pt;\">Il a soulign\u00e9 que ce projet de loi, bien que son intitul\u00e9 puisse sembler protecteur, suscite de vives pr\u00e9occupations parmi les d\u00e9fenseurs des droits civiques, car il est per\u00e7u comme visant les activit\u00e9s en faveur de la Palestine, notamment celles qui adoptent des m\u00e9thodes pacifiques de boycott d\u2019Isra\u00ebl, telles que le mouvement BDS.<o:p><\/o:p><\/span><\/p>\n<p class=\"MsoNormal\" style=\"margin: 0cm; font-size: 12pt; font-family: Aptos, sans-serif;\"><span style=\"font-size: 14pt;\">&nbsp;<\/span><\/p>\n<p class=\"MsoNormal\" style=\"margin: 0cm; font-size: 12pt; font-family: Aptos, sans-serif;\"><span style=\"font-size: 14pt;\">Selon des rapports m\u00e9diatiques, un accord a \u00e9t\u00e9 trouv\u00e9 entre les partis de la majorit\u00e9 et de l\u2019opposition en Allemagne sur un projet de ce texte, qui devrait \u00eatre bient\u00f4t pr\u00e9sent\u00e9 au Bundestag pour un vote.<o:p><\/o:p><\/span><\/p>\n<p class=\"MsoNormal\" style=\"margin: 0cm; font-size: 12pt; font-family: Aptos, sans-serif;\"><span style=\"font-size: 14pt;\">&nbsp;<\/span><\/p>\n<p class=\"MsoNormal\" style=\"margin: 0cm; font-size: 12pt; font-family: Aptos, sans-serif;\"><span style=\"font-size: 14pt;\">De nombreux observateurs estiment que ce projet de loi cherche \u00e0 renforcer les mesures punitives \u00e0 l\u2019encontre des voix critiques \u00e0 l\u2019\u00e9gard d&#8217;Isra\u00ebl sous couvert de &#8220;protection de la communaut\u00e9 juive&#8221;, ce qui pourrait avoir un impact n\u00e9gatif sur la vie des individus et des communaut\u00e9s en Allemagne.<o:p><\/o:p><\/span><\/p>\n<p class=\"MsoNormal\" style=\"margin: 0cm; font-size: 12pt; font-family: Aptos, sans-serif;\"><span style=\"font-size: 14pt;\">&nbsp;<\/span><\/p>\n<p class=\"MsoNormal\" style=\"margin: 0cm; font-size: 12pt; font-family: Aptos, sans-serif;\"><span style=\"font-size: 14pt;\">Le projet de loi contient plusieurs points cl\u00e9s pr\u00e9occupants, notamment :<o:p><\/o:p><\/span><\/p>\n<p class=\"MsoNormal\" style=\"margin: 0cm; font-size: 12pt; font-family: Aptos, sans-serif;\"><span style=\"font-size: 14pt;\">&nbsp;<\/span><\/p>\n<p class=\"MsoNormal\" style=\"margin: 0cm; font-size: 12pt; font-family: Aptos, sans-serif;\"><span style=\"font-size: 14pt;\">1. La modification des lois p\u00e9nales, de r\u00e9sidence et de nationalit\u00e9, permettant le retrait de la r\u00e9sidence ou de la nationalit\u00e9 des individus consid\u00e9r\u00e9s comme &#8220;antisionistes&#8221;, y compris les migrants et les activistes de gauche.<o:p><\/o:p><\/span><\/p>\n<p class=\"MsoNormal\" style=\"margin: 0cm; font-size: 12pt; font-family: Aptos, sans-serif;\"><span style=\"font-size: 14pt;\">&nbsp;<\/span><\/p>\n<p class=\"MsoNormal\" style=\"margin: 0cm; font-size: 12pt; font-family: Aptos, sans-serif;\"><span style=\"font-size: 14pt;\">2. L&#8217;interdiction des organisations antisionistes : la loi accorde des pouvoirs \u00e9tendus pour interdire toute organisation appelant au boycott d&#8217;Isra\u00ebl ou consid\u00e9r\u00e9e comme hostile \u00e0 celle-ci.<o:p><\/o:p><\/span><\/p>\n<p class=\"MsoNormal\" style=\"margin: 0cm; font-size: 12pt; font-family: Aptos, sans-serif;\"><span style=\"font-size: 14pt;\">&nbsp;<\/span><\/p>\n<p class=\"MsoNormal\" style=\"margin: 0cm; font-size: 12pt; font-family: Aptos, sans-serif;\"><span style=\"font-size: 14pt;\">3. Le renforcement du contr\u00f4le sur les \u00e9v\u00e9nements culturels et artistiques, y compris la suppression des financements pour les activit\u00e9s culturelles consid\u00e9r\u00e9es comme antis\u00e9mites.<o:p><\/o:p><\/span><\/p>\n<p class=\"MsoNormal\" style=\"margin: 0cm; font-size: 12pt; font-family: Aptos, sans-serif;\"><span style=\"font-size: 14pt;\">&nbsp;<\/span><\/p>\n<p class=\"MsoNormal\" style=\"margin: 0cm; font-size: 12pt; font-family: Aptos, sans-serif;\"><span style=\"font-size: 14pt;\">4. L&#8217;application de sanctions dans les \u00e9coles et les universit\u00e9s, conf\u00e9rant aux administrations scolaires et universitaires le pouvoir de prendre des mesures disciplinaires contre les \u00e9tudiants per\u00e7us comme antis\u00e9mites.<o:p><\/o:p><\/span><\/p>\n<p class=\"MsoNormal\" style=\"margin: 0cm; font-size: 12pt; font-family: Aptos, sans-serif;\"><span style=\"font-size: 14pt;\">&nbsp;<\/span><\/p>\n<p class=\"MsoNormal\" style=\"margin: 0cm; font-size: 12pt; font-family: Aptos, sans-serif;\"><span style=\"font-size: 14pt;\">En conclusion de son message, le cheikh Al-Qaradaghi a soulign\u00e9 l\u2019importance d\u2019\u00e9tudier ce projet de loi avec attention, mettant en garde contre ses dangers potentiels pour la libert\u00e9 d&#8217;expression et les droits fondamentaux qui constituent le socle des soci\u00e9t\u00e9s civilis\u00e9es.<o:p><\/o:p><\/span><\/p>\n<p class=\"MsoNormal\" style=\"margin: 0cm; font-size: 12pt; font-family: Aptos, sans-serif;\"><span style=\"font-size: 14pt;\">&nbsp;<\/span><\/p>\n<p class=\"MsoNormal\" style=\"margin: 0cm; font-size: 12pt; font-family: Aptos, sans-serif;\"><span style=\"font-size: 14pt;\">Il a appel\u00e9 la communaut\u00e9 musulmane et toutes les personnes attach\u00e9es aux droits de l\u2019homme dans le monde entier \u00e0 sensibiliser davantage sur les effets de cette l\u00e9gislation et \u00e0 d\u00e9fendre le droit des individus \u00e0 exprimer leurs opinions de mani\u00e8re pacifique pour soutenir des causes humanitaires justes, notamment la cause palestinienne.<o:p><\/o:p><\/span><\/p>\n","protected":false},"excerpt":{"rendered":"<p>Al-Qaradaghi met en garde contre un projet de loi allemand mena\u00e7ant la libert\u00e9 d&#8217;expression et visant le soutien \u00e0 la cause palestinienne Le cheikh Dr. Ali Al-Qaradaghi, pr\u00e9sident de l&#8217;Union&#8230;<\/p>\n","protected":false},"author":0,"featured_media":92363,"comment_status":"open","ping_status":"open","sticky":false,"template":"","format":"standard","meta":{"_acf_changed":false,"footnotes":""},"categories":[415],"tags":[],"class_list":["post-91127","post","type-post","status-publish","format-standard","has-post-thumbnail","hentry","category-our-news-fr"],"acf":[],"_links":{"self":[{"href":"https:\/\/iumsonline.cloud\/fr\/wp-json\/wp\/v2\/posts\/91127","targetHints":{"allow":["GET"]}}],"collection":[{"href":"https:\/\/iumsonline.cloud\/fr\/wp-json\/wp\/v2\/posts"}],"about":[{"href":"https:\/\/iumsonline.cloud\/fr\/wp-json\/wp\/v2\/types\/post"}],"replies":[{"embeddable":true,"href":"https:\/\/iumsonline.cloud\/fr\/wp-json\/wp\/v2\/comments?post=91127"}],"version-history":[{"count":0,"href":"https:\/\/iumsonline.cloud\/fr\/wp-json\/wp\/v2\/posts\/91127\/revisions"}],"wp:featuredmedia":[{"embeddable":true,"href":"https:\/\/iumsonline.cloud\/fr\/wp-json\/wp\/v2\/media\/92363"}],"wp:attachment":[{"href":"https:\/\/iumsonline.cloud\/fr\/wp-json\/wp\/v2\/media?parent=91127"}],"wp:term":[{"taxonomy":"category","embeddable":true,"href":"https:\/\/iumsonline.cloud\/fr\/wp-json\/wp\/v2\/categories?post=91127"},{"taxonomy":"post_tag","embeddable":true,"href":"https:\/\/iumsonline.cloud\/fr\/wp-json\/wp\/v2\/tags?post=91127"}],"curies":[{"name":"wp","href":"https:\/\/api.w.org\/{rel}","templated":true}]}}