{"id":91126,"date":"2024-11-06T00:00:00","date_gmt":"2024-11-06T00:00:00","guid":{"rendered":"https:\/\/iumsonline.cloud\/2024\/11\/06\/salon-international-du-livre-dalger-honorer-la-revolution-de-novembre-et-mettre-en-lumiere-la-cause-palestinienne-lors-de-sa-27%e1%b5%89-edition\/"},"modified":"2024-11-06T00:00:00","modified_gmt":"2024-11-06T00:00:00","slug":"salon-international-du-livre-dalger-honorer-la-revolution-de-novembre-et-mettre-en-lumiere-la-cause-palestinienne-lors-de-sa-27%e1%b5%89-edition","status":"publish","type":"post","link":"https:\/\/iumsonline.cloud\/fr\/2024\/11\/06\/salon-international-du-livre-dalger-honorer-la-revolution-de-novembre-et-mettre-en-lumiere-la-cause-palestinienne-lors-de-sa-27%e1%b5%89-edition\/","title":{"rendered":"Salon international du livre d&#8217;Alger : Honorer la R\u00e9volution de Novembre et mettre en lumi\u00e8re la cause palestinienne lors de sa 27\u1d49 \u00e9dition"},"content":{"rendered":"<p class=\"MsoNormal\" style=\"margin: 0cm; font-size: 12pt; font-family: Aptos, sans-serif;\"><b><span style=\"font-size: 14pt; color: rgb(0, 176, 80);\">Salon international du livre d&#8217;Alger : Honorer la R\u00e9volution de Novembre et mettre en lumi\u00e8re la cause palestinienne lors de sa 27<\/span><\/b><b><span style=\"font-size: 14pt; font-family: Arial, sans-serif; color: rgb(0, 176, 80);\">\u1d49<\/span><\/b><b><span style=\"font-size: 14pt; color: rgb(0, 176, 80);\"> \u00e9dition<o:p><\/o:p><\/span><\/b><\/p>\n<p class=\"MsoNormal\" style=\"margin: 0cm; font-size: 12pt; font-family: Aptos, sans-serif;\"><span style=\"font-size: 14pt;\">&nbsp;<\/span><\/p>\n<p class=\"MsoNormal\" style=\"margin: 0cm; font-size: 12pt; font-family: Aptos, sans-serif;\"><span style=\"font-size: 14pt;\">La 27<\/span><span style=\"font-size: 14pt; font-family: Arial, sans-serif;\">\u1d49<\/span><span style=\"font-size: 14pt;\"> \u00e9dition du Salon international du livre d&#8217;Alger se tiendra du 6 au 16 novembre 2024 au Palais des expositions &#8220;SAFEX&#8221; \u00e0 Alger, sous le slogan &#8220;Lire pour vaincre&#8221;.<o:p><\/o:p><\/span><\/p>\n<p class=\"MsoNormal\" style=\"margin: 0cm; font-size: 12pt; font-family: Aptos, sans-serif;\"><span style=\"font-size: 14pt;\">&nbsp;<\/span><\/p>\n<p class=\"MsoNormal\" style=\"margin: 0cm; font-size: 12pt; font-family: Aptos, sans-serif;\"><span style=\"font-size: 14pt;\">Cet \u00e9v\u00e9nement culturel majeur attire chaque ann\u00e9e plus de trois millions de visiteurs, confirmant ainsi sa place de leader sur la sc\u00e8ne culturelle africaine, arabe et m\u00e9diterran\u00e9enne.<o:p><\/o:p><\/span><\/p>\n<p class=\"MsoNormal\" style=\"margin: 0cm; font-size: 12pt; font-family: Aptos, sans-serif;\"><span style=\"font-size: 14pt;\">&nbsp;<\/span><\/p>\n<p class=\"MsoNormal\" style=\"margin: 0cm; font-size: 12pt; font-family: Aptos, sans-serif;\"><span style=\"font-size: 14pt;\">Cette ann\u00e9e, le salon co\u00efncide avec le 70<\/span><span style=\"font-size: 14pt; font-family: Arial, sans-serif;\">\u1d49<\/span><span style=\"font-size: 14pt;\"> anniversaire du d\u00e9clenchement de la glorieuse R\u00e9volution de Novembre (1954-2024), lui conf\u00e9rant une dimension historique particuli\u00e8re.<o:p><\/o:p><\/span><\/p>\n<p class=\"MsoNormal\" style=\"margin: 0cm; font-size: 12pt; font-family: Aptos, sans-serif;\"><span style=\"font-size: 14pt;\">&nbsp;<\/span><\/p>\n<p class=\"MsoNormal\" style=\"margin: 0cm; font-size: 12pt; font-family: Aptos, sans-serif;\"><span style=\"font-size: 14pt;\">Les visiteurs auront l&#8217;opportunit\u00e9 exceptionnelle de revisiter l&#8217;histoire de l&#8217;Alg\u00e9rie \u00e0 travers des conf\u00e9rences litt\u00e9raires et intellectuelles qui discuteront de l&#8217;impact de la r\u00e9volution dans le monde, avec la participation de penseurs et d&#8217;\u00e9crivains, aussi bien locaux qu&#8217;internationaux.<o:p><\/o:p><\/span><\/p>\n<p class=\"MsoNormal\" style=\"margin: 0cm; font-size: 12pt; font-family: Aptos, sans-serif;\"><span style=\"font-size: 14pt;\">&nbsp;<\/span><\/p>\n<p class=\"MsoNormal\" style=\"margin: 0cm; font-size: 12pt; font-family: Aptos, sans-serif;\"><span style=\"font-size: 14pt;\">La cause palestinienne occupera une place de choix au salon, avec des conf\u00e9rences telles que &#8220;Litt\u00e9rature de la r\u00e9sistance en Palestine&#8221;, &#8220;Plumes face au feu&#8221; et &#8220;Le cin\u00e9ma face au sionisme&#8221;, ainsi qu&#8217;un hommage aux po\u00e8tes martyrs de Gaza.<o:p><\/o:p><\/span><\/p>\n<p class=\"MsoNormal\" style=\"margin: 0cm; font-size: 12pt; font-family: Aptos, sans-serif;\"><span style=\"font-size: 14pt;\">&nbsp;<\/span><\/p>\n<p class=\"MsoNormal\" style=\"margin: 0cm; font-size: 12pt; font-family: Aptos, sans-serif;\"><span style=\"font-size: 14pt;\">Le salon mettra \u00e9galement en avant la traduction et le roman alg\u00e9rien dans leurs contextes africain et arabe, \u00e0 travers des plateformes de dialogue en partenariat avec &#8220;Katara&#8221;.<o:p><\/o:p><\/span><\/p>\n<p class=\"MsoNormal\" style=\"margin: 0cm; font-size: 12pt; font-family: Aptos, sans-serif;\"><span style=\"font-size: 14pt;\">&nbsp;<\/span><\/p>\n<p class=\"MsoNormal\" style=\"margin: 0cm; font-size: 12pt; font-family: Aptos, sans-serif;\"><span style=\"font-size: 14pt;\">Le programme culturel comprendra aussi des conf\u00e9rences sur la litt\u00e9rature africaine, notamment &#8220;Alg\u00e9rie &#8211; Afrique : caravanes culturelles&#8221; et &#8220;L\u2019h\u00e9ritage arabe dans la litt\u00e9rature africaine&#8221;, ainsi que des discussions sur les questions de d\u00e9colonisation, en particulier sur le Sahara occidental, derni\u00e8re colonie du continent.<o:p><\/o:p><\/span><\/p>\n<p class=\"MsoNormal\" style=\"margin: 0cm; font-size: 12pt; font-family: Aptos, sans-serif;\"><span style=\"font-size: 14pt;\">&nbsp;<\/span><\/p>\n<p class=\"MsoNormal\" style=\"margin: 0cm; font-size: 12pt; font-family: Aptos, sans-serif;\"><span style=\"font-size: 14pt;\">Le salon se cl\u00f4turera par l\u2019annonce des laur\u00e9ats du prix &#8220;Mon premier livre&#8221;, d\u00e9di\u00e9 aux premi\u00e8res \u0153uvres des jeunes auteurs prometteurs, refl\u00e9tant ainsi l&#8217;engagement du salon \u00e0 soutenir les nouveaux talents litt\u00e9raires.<o:p><\/o:p><\/span><\/p>\n<p class=\"MsoNormal\" style=\"margin: 0cm; font-size: 12pt; font-family: Aptos, sans-serif;\"><span style=\"font-size: 14pt;\">&nbsp;<\/span><\/p>\n<p class=\"MsoNormal\" style=\"margin: 0cm; font-size: 12pt; font-family: Aptos, sans-serif;\"><span style=\"font-size: 14pt;\">Source : Union + Sites \u00e9lectroniques et d&#8217;information<o:p><\/o:p><\/span><\/p>\n","protected":false},"excerpt":{"rendered":"<p>Salon international du livre d&#8217;Alger : Honorer la R\u00e9volution de Novembre et mettre en lumi\u00e8re la cause palestinienne lors de sa 27\u1d49 \u00e9dition La 27\u1d49 \u00e9dition du Salon international du&#8230;<\/p>\n","protected":false},"author":0,"featured_media":92334,"comment_status":"open","ping_status":"open","sticky":false,"template":"","format":"standard","meta":{"_acf_changed":false,"footnotes":""},"categories":[415],"tags":[],"class_list":["post-91126","post","type-post","status-publish","format-standard","has-post-thumbnail","hentry","category-our-news-fr"],"acf":[],"_links":{"self":[{"href":"https:\/\/iumsonline.cloud\/fr\/wp-json\/wp\/v2\/posts\/91126","targetHints":{"allow":["GET"]}}],"collection":[{"href":"https:\/\/iumsonline.cloud\/fr\/wp-json\/wp\/v2\/posts"}],"about":[{"href":"https:\/\/iumsonline.cloud\/fr\/wp-json\/wp\/v2\/types\/post"}],"replies":[{"embeddable":true,"href":"https:\/\/iumsonline.cloud\/fr\/wp-json\/wp\/v2\/comments?post=91126"}],"version-history":[{"count":0,"href":"https:\/\/iumsonline.cloud\/fr\/wp-json\/wp\/v2\/posts\/91126\/revisions"}],"wp:featuredmedia":[{"embeddable":true,"href":"https:\/\/iumsonline.cloud\/fr\/wp-json\/wp\/v2\/media\/92334"}],"wp:attachment":[{"href":"https:\/\/iumsonline.cloud\/fr\/wp-json\/wp\/v2\/media?parent=91126"}],"wp:term":[{"taxonomy":"category","embeddable":true,"href":"https:\/\/iumsonline.cloud\/fr\/wp-json\/wp\/v2\/categories?post=91126"},{"taxonomy":"post_tag","embeddable":true,"href":"https:\/\/iumsonline.cloud\/fr\/wp-json\/wp\/v2\/tags?post=91126"}],"curies":[{"name":"wp","href":"https:\/\/api.w.org\/{rel}","templated":true}]}}