{"id":91125,"date":"2024-11-06T00:00:00","date_gmt":"2024-11-06T00:00:00","guid":{"rendered":"https:\/\/iumsonline.cloud\/2024\/11\/06\/lunion-internationale-des-savants-musulmans-appelle-letat-algerien-a-produire-un-film-sur-lemir-abdelkader\/"},"modified":"2024-11-06T00:00:00","modified_gmt":"2024-11-06T00:00:00","slug":"lunion-internationale-des-savants-musulmans-appelle-letat-algerien-a-produire-un-film-sur-lemir-abdelkader","status":"publish","type":"post","link":"https:\/\/iumsonline.cloud\/fr\/2024\/11\/06\/lunion-internationale-des-savants-musulmans-appelle-letat-algerien-a-produire-un-film-sur-lemir-abdelkader\/","title":{"rendered":"L&#8217;Union Internationale des Savants Musulmans appelle l&#8217;\u00c9tat alg\u00e9rien \u00e0 produire un film sur l&#8217;\u00c9mir Abdelkader"},"content":{"rendered":"<p class=\"MsoNormal\" style=\"margin: 0cm; font-size: 12pt; font-family: Aptos, sans-serif;\"><o:p>&nbsp;<\/o:p><\/p>\n<p class=\"MsoNormal\" style=\"margin: 0cm; font-size: 12pt; font-family: Aptos, sans-serif;\"><o:p>&nbsp;<\/o:p><\/p>\n<p class=\"MsoNormal\" style=\"margin: 0cm; font-size: 12pt; font-family: Aptos, sans-serif;\"><b><span style=\"font-size: 14pt; color: rgb(0, 176, 80);\">L&#8217;Union Internationale des Savants Musulmans appelle l&#8217;\u00c9tat alg\u00e9rien \u00e0 produire un film sur l&#8217;\u00c9mir Abdelkader<o:p><\/o:p><\/span><\/b><\/p>\n<p class=\"MsoNormal\" style=\"margin: 0cm; font-size: 12pt; font-family: Aptos, sans-serif;\"><o:p>&nbsp;<\/o:p><\/p>\n<p class=\"MsoNormal\" style=\"margin: 0cm; font-size: 12pt; font-family: Aptos, sans-serif;\">Le Secr\u00e9taire g\u00e9n\u00e9ral de l&#8217;Union Internationale des Savants Musulmans, Ali Al-Sallabi, a exprim\u00e9 son souhait de voir un film consacr\u00e9 \u00e0 l&#8217;\u00c9mir Abdelkader.&nbsp;<o:p><\/o:p><\/p>\n<p class=\"MsoNormal\" style=\"margin: 0cm; font-size: 12pt; font-family: Aptos, sans-serif;\">Al-Sallabi a d\u00e9clar\u00e9 : \u00ab J&#8217;esp\u00e8re que la nation islamique, en particulier le peuple, le gouvernement et l&#8217;\u00c9tat alg\u00e9rien, r\u00e9alisera un film sur l&#8217;\u00c9mir Abdelkader. \u00bb&nbsp;<o:p><\/o:p><\/p>\n<p class=\"MsoNormal\" style=\"margin: 0cm; font-size: 12pt; font-family: Aptos, sans-serif;\">Dans une vid\u00e9o publi\u00e9e sur la plateforme &#8220;X&#8221;, le Secr\u00e9taire g\u00e9n\u00e9ral de l&#8217;institution islamique internationale a soulign\u00e9 que le film devrait mettre en lumi\u00e8re la lutte et le combat de cette figure embl\u00e9matique alg\u00e9rienne.<o:p><\/o:p><\/p>\n<p class=\"MsoNormal\" style=\"margin: 0cm; font-size: 12pt; font-family: Aptos, sans-serif;\"><o:p>&nbsp;<\/o:p><\/p>\n<p class=\"MsoNormal\" style=\"margin: 0cm; font-size: 12pt; font-family: Aptos, sans-serif;\">Il a ajout\u00e9 : \u00ab Le film doit \u00eatre d&#8217;un niveau sup\u00e9rieur au film sur Omar Al-Mokhtar. \u00bb&nbsp;<o:p><\/o:p><\/p>\n<p class=\"MsoNormal\" style=\"margin: 0cm; font-size: 12pt; font-family: Aptos, sans-serif;\">Selon lui, le film sur Omar Al-Mokhtar est devenu une source d&#8217;inspiration pour les g\u00e9n\u00e9rations arabes et musulmanes, ainsi que pour les d\u00e9fenseurs de la libert\u00e9 dans le monde entier.<o:p><\/o:p><\/p>\n<p class=\"MsoNormal\" style=\"margin: 0cm; font-size: 12pt; font-family: Aptos, sans-serif;\"><o:p>&nbsp;<\/o:p><\/p>\n<p class=\"MsoNormal\" style=\"margin: 0cm; font-size: 12pt; font-family: Aptos, sans-serif;\">Le responsable a appel\u00e9 \u00e0 ce que le film sur l&#8217;\u00c9mir Abdelkader soit d&#8217;une haute qualit\u00e9 en mati\u00e8re de pr\u00e9cision historique, de cin\u00e9matographie et de r\u00e9alisation.&nbsp;<o:p><\/o:p><\/p>\n<p class=\"MsoNormal\" style=\"margin: 0cm; font-size: 12pt; font-family: Aptos, sans-serif;\">Al-Sallabi a soulign\u00e9 que certains jeunes de la nouvelle g\u00e9n\u00e9ration pr\u00e9f\u00e8rent regarder des films plut\u00f4t que lire.&nbsp;<o:p><\/o:p><\/p>\n<p class=\"MsoNormal\" style=\"margin: 0cm; font-size: 12pt; font-family: Aptos, sans-serif;\">Il a poursuivi : \u00ab Il s&#8217;agit de produire une \u0153uvre magistrale et un film centr\u00e9 sur le jihad, la lutte et le combat de l&#8217;\u00c9mir Abdelkader, qui fut l&#8217;un des plus grands leaders au monde, un homme libre qui a lutt\u00e9 pour sa cause juste, et le premier \u00e0 mener une guerre de gu\u00e9rilla contre l&#8217;occupation. \u00bb&nbsp;<o:p><\/o:p><\/p>\n<p class=\"MsoNormal\" style=\"margin: 0cm; font-size: 12pt; font-family: Aptos, sans-serif;\"><o:p>&nbsp;<\/o:p><\/p>\n<p class=\"MsoNormal\" style=\"margin: 0cm; font-size: 12pt; font-family: Aptos, sans-serif;\">Le Secr\u00e9taire g\u00e9n\u00e9ral a aussi rappel\u00e9 que Omar Al-Mokhtar et l&#8217;\u00c9mir marocain Abdelkrim Al-Khattabi se sont inspir\u00e9s de l&#8217;exemple d&#8217;Abdelkader l&#8217;Alg\u00e9rien.&nbsp;<o:p><\/o:p><\/p>\n<p class=\"MsoNormal\" style=\"margin: 0cm; font-size: 12pt; font-family: Aptos, sans-serif;\">Al-Sallabi a insist\u00e9 sur le fait que les \u00e9pop\u00e9es et les exploits de l&#8217;\u00c9mir Abdelkader m\u00e9ritent un film dans le style de celui sur Omar Al-Mokhtar.<o:p><\/o:p><\/p>\n<p class=\"MsoNormal\" style=\"margin: 0cm; font-size: 12pt; font-family: Aptos, sans-serif;\"><o:p>&nbsp;<\/o:p><\/p>\n<p class=\"MsoNormal\" style=\"margin: 0cm; font-size: 12pt; font-family: Aptos, sans-serif;\">Pour sa part, le pr\u00e9sident Abdelmadjid Tebboune a r\u00e9cemment ordonn\u00e9 le lancement d&#8217;un appel d&#8217;offres international en production et en r\u00e9alisation afin de donner une dimension mondiale \u00e0 l&#8217;\u0153uvre cin\u00e9matographique sur l&#8217;\u00c9mir Abdelkader, en reconnaissance de son parcours consacr\u00e9 \u00e0 la construction de l&#8217;Alg\u00e9rie contemporaine.&nbsp;<o:p><\/o:p><\/p>\n<p class=\"MsoNormal\" style=\"margin: 0cm; font-size: 12pt; font-family: Aptos, sans-serif;\">Il a \u00e9galement encourag\u00e9 la participation de toutes les comp\u00e9tences cin\u00e9matographiques, alg\u00e9riennes et internationales, tout en respectant le contenu stipul\u00e9 dans le cahier des charges.<o:p><\/o:p><\/p>\n<p class=\"MsoNormal\" style=\"margin: 0cm; font-size: 12pt; font-family: Aptos, sans-serif;\"><o:p>&nbsp;<\/o:p><\/p>\n<p class=\"MsoNormal\" style=\"margin: 0cm; font-size: 12pt; font-family: Aptos, sans-serif;\">Source : awras.com<o:p><\/o:p><\/p>\n<p class=\"MsoNormal\" style=\"margin: 0cm; font-size: 12pt; font-family: Aptos, sans-serif;\"><o:p>&nbsp;<\/o:p><\/p>\n<p class=\"MsoNormal\" style=\"margin: 0cm; font-size: 12pt; font-family: Aptos, sans-serif;\"><o:p>&nbsp;<\/o:p><\/p>\n<p class=\"MsoNormal\" style=\"margin: 0cm; font-size: 12pt; font-family: Aptos, sans-serif;\"><span lang=\"AR-SA\" dir=\"RTL\" style=\"font-family: Arial, sans-serif;\"><o:p>&nbsp;<\/o:p><\/span><\/p>\n","protected":false},"excerpt":{"rendered":"<p>L&#8217;Union Internationale des Savants Musulmans appelle l&#8217;\u00c9tat alg\u00e9rien \u00e0 produire un film sur l&#8217;\u00c9mir Abdelkader Le Secr\u00e9taire g\u00e9n\u00e9ral de l&#8217;Union Internationale des Savants Musulmans, Ali Al-Sallabi, a exprim\u00e9 son souhait&#8230;<\/p>\n","protected":false},"author":0,"featured_media":92354,"comment_status":"open","ping_status":"open","sticky":false,"template":"","format":"standard","meta":{"_acf_changed":false,"footnotes":""},"categories":[415],"tags":[],"class_list":["post-91125","post","type-post","status-publish","format-standard","has-post-thumbnail","hentry","category-our-news-fr"],"acf":[],"_links":{"self":[{"href":"https:\/\/iumsonline.cloud\/fr\/wp-json\/wp\/v2\/posts\/91125","targetHints":{"allow":["GET"]}}],"collection":[{"href":"https:\/\/iumsonline.cloud\/fr\/wp-json\/wp\/v2\/posts"}],"about":[{"href":"https:\/\/iumsonline.cloud\/fr\/wp-json\/wp\/v2\/types\/post"}],"replies":[{"embeddable":true,"href":"https:\/\/iumsonline.cloud\/fr\/wp-json\/wp\/v2\/comments?post=91125"}],"version-history":[{"count":0,"href":"https:\/\/iumsonline.cloud\/fr\/wp-json\/wp\/v2\/posts\/91125\/revisions"}],"wp:featuredmedia":[{"embeddable":true,"href":"https:\/\/iumsonline.cloud\/fr\/wp-json\/wp\/v2\/media\/92354"}],"wp:attachment":[{"href":"https:\/\/iumsonline.cloud\/fr\/wp-json\/wp\/v2\/media?parent=91125"}],"wp:term":[{"taxonomy":"category","embeddable":true,"href":"https:\/\/iumsonline.cloud\/fr\/wp-json\/wp\/v2\/categories?post=91125"},{"taxonomy":"post_tag","embeddable":true,"href":"https:\/\/iumsonline.cloud\/fr\/wp-json\/wp\/v2\/tags?post=91125"}],"curies":[{"name":"wp","href":"https:\/\/api.w.org\/{rel}","templated":true}]}}