{"id":91119,"date":"2024-10-09T00:00:00","date_gmt":"2024-10-09T00:00:00","guid":{"rendered":"https:\/\/iumsonline.cloud\/2024\/10\/09\/les-forces-doccupation-assiegent-lhopital-kamal-adwan-et-ciblent-son-administration\/"},"modified":"2024-10-09T00:00:00","modified_gmt":"2024-10-09T00:00:00","slug":"les-forces-doccupation-assiegent-lhopital-kamal-adwan-et-ciblent-son-administration","status":"publish","type":"post","link":"https:\/\/iumsonline.cloud\/fr\/2024\/10\/09\/les-forces-doccupation-assiegent-lhopital-kamal-adwan-et-ciblent-son-administration\/","title":{"rendered":"Les forces d\u2019occupation assi\u00e8gent l\u2019h\u00f4pital Kamal Adwan et ciblent son administration"},"content":{"rendered":"<div class=\"post_content\" style=\"font-size: 22px; line-height: 1.7; font-family: &quot;Times New Roman&quot;;\">\n<p style=\"font-family: palinfo, sans-serif; text-align: justify;\">Le minist\u00e8re de la Sant\u00e9 palestinienne a d\u00e9clar\u00e9 que l\u2019occupation isra\u00e9lienne assi\u00e8ge l\u2019h\u00f4pital Kamal Adwan dans le nord de Gaza et tire sur son administration. Il a averti que l\u2019h\u00f4pital pourrait bient\u00f4t \u00eatre contraint de cesser ses activit\u00e9s en raison de l\u2019\u00e9puisement des r\u00e9serves de carburant.<\/p>\n<p style=\"font-family: palinfo, sans-serif; text-align: justify;\">L\u2019occupation exige \u00e9galement l\u2019\u00e9vacuation des patients et du personnel des h\u00f4pitaux Kamal Adwan, indon\u00e9sien et al-Awda, sous peine de subir le m\u00eame sort que l\u2019h\u00f4pital al-Shifa, menac\u00e9 de destruction.<\/p>\n<p style=\"font-family: palinfo, sans-serif; text-align: justify;\">De plus, un ambulancier a \u00e9t\u00e9 arr\u00eat\u00e9 alors qu\u2019il transportait un patient en soins intensifs apr\u00e8s avoir effectu\u00e9 les formalit\u00e9s n\u00e9cessaires. Le minist\u00e8re a insist\u00e9 sur la n\u00e9cessit\u00e9 de prot\u00e9ger les \u00e9tablissements de sant\u00e9 et leurs \u00e9quipes, surtout dans le nord de Gaza.<\/p>\n<p style=\"font-family: palinfo, sans-serif; text-align: justify;\">Depuis un an, l\u2019agression isra\u00e9lienne sur la bande de Gaza a caus\u00e9 la mort de plus de 41 965 personnes et plus de 97 590 bless\u00e9s, entra\u00eenant le d\u00e9placement de 90 % de la population de la r\u00e9gion, selon des donn\u00e9es de l\u2019ONU.<\/p>\n<div><\/div>\n<p style=\"font-family: palinfo, sans-serif; text-align: justify;\">\n<\/div>\n","protected":false},"excerpt":{"rendered":"<p>Le minist\u00e8re de la Sant\u00e9 palestinienne a d\u00e9clar\u00e9 que l\u2019occupation isra\u00e9lienne assi\u00e8ge l\u2019h\u00f4pital Kamal Adwan dans le nord de Gaza et tire sur son administration. Il a averti que l\u2019h\u00f4pital&#8230;<\/p>\n","protected":false},"author":0,"featured_media":92463,"comment_status":"open","ping_status":"open","sticky":false,"template":"","format":"standard","meta":{"_acf_changed":false,"footnotes":""},"categories":[415],"tags":[],"class_list":["post-91119","post","type-post","status-publish","format-standard","has-post-thumbnail","hentry","category-our-news-fr"],"acf":[],"_links":{"self":[{"href":"https:\/\/iumsonline.cloud\/fr\/wp-json\/wp\/v2\/posts\/91119","targetHints":{"allow":["GET"]}}],"collection":[{"href":"https:\/\/iumsonline.cloud\/fr\/wp-json\/wp\/v2\/posts"}],"about":[{"href":"https:\/\/iumsonline.cloud\/fr\/wp-json\/wp\/v2\/types\/post"}],"replies":[{"embeddable":true,"href":"https:\/\/iumsonline.cloud\/fr\/wp-json\/wp\/v2\/comments?post=91119"}],"version-history":[{"count":0,"href":"https:\/\/iumsonline.cloud\/fr\/wp-json\/wp\/v2\/posts\/91119\/revisions"}],"wp:featuredmedia":[{"embeddable":true,"href":"https:\/\/iumsonline.cloud\/fr\/wp-json\/wp\/v2\/media\/92463"}],"wp:attachment":[{"href":"https:\/\/iumsonline.cloud\/fr\/wp-json\/wp\/v2\/media?parent=91119"}],"wp:term":[{"taxonomy":"category","embeddable":true,"href":"https:\/\/iumsonline.cloud\/fr\/wp-json\/wp\/v2\/categories?post=91119"},{"taxonomy":"post_tag","embeddable":true,"href":"https:\/\/iumsonline.cloud\/fr\/wp-json\/wp\/v2\/tags?post=91119"}],"curies":[{"name":"wp","href":"https:\/\/api.w.org\/{rel}","templated":true}]}}