{"id":91116,"date":"2024-10-09T00:00:00","date_gmt":"2024-10-09T00:00:00","guid":{"rendered":"https:\/\/iumsonline.cloud\/2024\/10\/09\/president-venezuelien-nous-serons-toujours-aux-cotes-de-la-palestine\/"},"modified":"2024-10-09T00:00:00","modified_gmt":"2024-10-09T00:00:00","slug":"president-venezuelien-nous-serons-toujours-aux-cotes-de-la-palestine","status":"publish","type":"post","link":"https:\/\/iumsonline.cloud\/fr\/2024\/10\/09\/president-venezuelien-nous-serons-toujours-aux-cotes-de-la-palestine\/","title":{"rendered":"Pr\u00e9sident v\u00e9n\u00e9zu\u00e9lien : nous serons toujours aux c\u00f4t\u00e9s de la Palestine"},"content":{"rendered":"<div class=\"post_content\" style=\"font-size: 22px; line-height: 1.7; font-family: &quot;Times New Roman&quot;;\">\n<p style=\"font-family: palinfo, sans-serif; text-align: justify;\">Le pr\u00e9sident v\u00e9n\u00e9zu\u00e9lien Nicolas Maduro a d\u00e9clar\u00e9 que \u00ab Son pays sera toujours aux c\u00f4t\u00e9s de la Palestine et ne la laissera pas seule dans sa juste cause. \u00bb<\/p>\n<p style=\"font-family: palinfo, sans-serif; text-align: justify;\">Dans une interview accord\u00e9e aujourd\u2019hui mardi \u00e0 une radio v\u00e9n\u00e9zu\u00e9lienne, Maduro a soulign\u00e9 la \u00ab solidarit\u00e9 de son pays avec le peuple palestinien \u00bb, soulignant la n\u00e9cessit\u00e9 de \u00ab lib\u00e9rer la Palestine \u00bb.<\/p>\n<p style=\"font-family: palinfo, sans-serif; text-align: justify;\">Il a soulign\u00e9 \u00ab le g\u00e9nocide qu\u2019Isra\u00ebl commet dans la bande de Gaza depuis plus d\u2019un an \u00bb.<\/p>\n<p style=\"font-family: palinfo, sans-serif; text-align: justify;\">Il a ajout\u00e9 : \u00ab&nbsp;D\u00e9fendre le droit de la Palestine \u00e0 la vie, \u00e0 l\u2019ind\u00e9pendance et \u00e0 l\u2019existence \u00e9quivaut \u00e0 d\u00e9fendre le droit \u00e0 l\u2019existence du Venezuela, de l\u2019Am\u00e9rique latine et des Cara\u00efbes.&nbsp;\u00bb<\/p>\n<p style=\"font-family: palinfo, sans-serif; text-align: justify;\">Maduro a tenu les \u00c9tats-Unis et la Grande-Bretagne pour responsables de l\u2019escalade de la violence au Moyen-Orient et a d\u00e9clar\u00e9 : \u00ab Une guerre d\u2019extermination est men\u00e9e contre le peuple palestinien, et maintenant des attaques sont lanc\u00e9es contre le Liban. \u00bb<\/p>\n<p style=\"font-family: palinfo, sans-serif; text-align: justify;\">Selon les chiffres officiels, 2 044 personnes ont \u00e9t\u00e9 martyris\u00e9es et 9 678 ont \u00e9t\u00e9 bless\u00e9es depuis le d\u00e9but de l\u2019agression de l\u2019occupation contre le Liban, le 8 octobre 2023.<\/p>\n<p style=\"font-family: palinfo, sans-serif; text-align: justify;\">D\u2019un autre c\u00f4t\u00e9, le Hezbollah r\u00e9pond \u00e0 l\u2019agression en lan\u00e7ant des missiles, des drones et des obus d\u2019artillerie ciblant des sites militaires et des colonies dans toute la Palestine occup\u00e9e.<\/p>\n<p style=\"font-family: palinfo, sans-serif; text-align: justify;\">Pendant une ann\u00e9e compl\u00e8te, l\u2019arm\u00e9e d\u2019occupation isra\u00e9lienne, soutenue par les \u00c9tats-Unis et l\u2019Europe, a poursuivi son agression contre la bande de Gaza, avec ses avions bombardant les environs des h\u00f4pitaux, des b\u00e2timents, des tours et des maisons de civils palestiniens, les d\u00e9truisant au-dessus du niveau de la t\u00eate de leurs r\u00e9sidents et emp\u00eachant l\u2019entr\u00e9e de l\u2019eau, de la nourriture, des m\u00e9dicaments et du carburant.<\/p>\n<p style=\"font-family: palinfo, sans-serif; text-align: justify;\">L\u2019agression continue de l\u2019occupation contre Gaza a entra\u00een\u00e9 le martyre de plus de 41&nbsp;965 personnes, la blessure de plus de 97&nbsp;590 autres et le d\u00e9placement de 90 % de la population de la bande de Gaza, selon les donn\u00e9es des Nations Unies.<\/p>\n<div><\/div>\n<\/div>\n","protected":false},"excerpt":{"rendered":"<p>Le pr\u00e9sident v\u00e9n\u00e9zu\u00e9lien Nicolas Maduro a d\u00e9clar\u00e9 que \u00ab Son pays sera toujours aux c\u00f4t\u00e9s de la Palestine et ne la laissera pas seule dans sa juste cause. \u00bbDans une&#8230;<\/p>\n","protected":false},"author":0,"featured_media":92464,"comment_status":"open","ping_status":"open","sticky":false,"template":"","format":"standard","meta":{"_acf_changed":false,"footnotes":""},"categories":[415],"tags":[],"class_list":["post-91116","post","type-post","status-publish","format-standard","has-post-thumbnail","hentry","category-our-news-fr"],"acf":[],"_links":{"self":[{"href":"https:\/\/iumsonline.cloud\/fr\/wp-json\/wp\/v2\/posts\/91116","targetHints":{"allow":["GET"]}}],"collection":[{"href":"https:\/\/iumsonline.cloud\/fr\/wp-json\/wp\/v2\/posts"}],"about":[{"href":"https:\/\/iumsonline.cloud\/fr\/wp-json\/wp\/v2\/types\/post"}],"replies":[{"embeddable":true,"href":"https:\/\/iumsonline.cloud\/fr\/wp-json\/wp\/v2\/comments?post=91116"}],"version-history":[{"count":0,"href":"https:\/\/iumsonline.cloud\/fr\/wp-json\/wp\/v2\/posts\/91116\/revisions"}],"wp:featuredmedia":[{"embeddable":true,"href":"https:\/\/iumsonline.cloud\/fr\/wp-json\/wp\/v2\/media\/92464"}],"wp:attachment":[{"href":"https:\/\/iumsonline.cloud\/fr\/wp-json\/wp\/v2\/media?parent=91116"}],"wp:term":[{"taxonomy":"category","embeddable":true,"href":"https:\/\/iumsonline.cloud\/fr\/wp-json\/wp\/v2\/categories?post=91116"},{"taxonomy":"post_tag","embeddable":true,"href":"https:\/\/iumsonline.cloud\/fr\/wp-json\/wp\/v2\/tags?post=91116"}],"curies":[{"name":"wp","href":"https:\/\/api.w.org\/{rel}","templated":true}]}}