{"id":91005,"date":"2023-05-25T00:00:00","date_gmt":"2023-05-25T00:00:00","guid":{"rendered":"https:\/\/iumsonline.cloud\/2023\/05\/25\/declaration-des-syndicats-et-associations-des-savants-musulmans-face-aux-declarations-hostiles-du-ministre-francais-de-linterieur\/"},"modified":"2023-05-25T00:00:00","modified_gmt":"2023-05-25T00:00:00","slug":"declaration-des-syndicats-et-associations-des-savants-musulmans-face-aux-declarations-hostiles-du-ministre-francais-de-linterieur","status":"publish","type":"post","link":"https:\/\/iumsonline.cloud\/fr\/2023\/05\/25\/declaration-des-syndicats-et-associations-des-savants-musulmans-face-aux-declarations-hostiles-du-ministre-francais-de-linterieur\/","title":{"rendered":"D\u00e9claration des syndicats et associations des savants musulmans face aux d\u00e9clarations hostiles du ministre fran\u00e7ais de l&#8217;int\u00e9rieur."},"content":{"rendered":"<p><span style=\"font-size:22px\"><span style=\"color:#2980b9\"><span style=\"background-color:#ecf0f1\">D&eacute;claration des syndicats et associations des savants musulmans face aux d&eacute;clarations hostiles du ministre fran&ccedil;ais de l&#8217;int&eacute;rieur.<\/span><\/span><\/span><\/p>\n<p><span style=\"font-size:18px\">Les organisations et &nbsp;les institutions des savants musulmans qui ont sign&eacute; cette d&eacute;claration ont fait suite aux d&eacute;clarations agressives du ministre fran&ccedil;ais de l&#8217;Int&eacute;rieur (G&eacute;rald Darmanan) vendredi dernier (20-05-2023), dans lesquelles il affirmait que ce qu&#8217;il appelait le &laquo; terrorisme islamique sunnite &raquo; est la plus grande menace pour la France, puis il a &eacute;largi le domaine de l&#8217;incitation et de l&#8217;hostilit&eacute;, dans une tentative de pousser d&#8217;autres pays occidentaux &agrave; adopter sa vision malade, il a affirm&eacute; que l&#8217;Europe fait face au m&ecirc;me danger que la France, et il a &eacute;galement choisi de faire ces d&eacute;clarations r&eacute;pr&eacute;hensibles lors de sa visite aux &Eacute;tats-Unis &agrave; des fins de coordination s&eacute;curitaire<\/span><\/p>\n<p>\n<span style=\"font-size:18px\">Ce ton provocateur n&#8217;est pas une nouveaut&eacute; pour le ministre fran&ccedil;ais de l&#8217;Int&eacute;rieur, ni pour les responsables de l&#8217;actuel gouvernement, c&#8217;est un ton qui s&#8217;inscrit dans une d&eacute;marche de criminalisation de l&#8217;identit&eacute; collective, contrairement &agrave; ce qu&#8217;exigent toutes les lois divines et les lois applicables. , il a assi&eacute;g&eacute; la pr&eacute;sence islamique croissante socialement et culturellement en France, et dans d&#8217;autres pays occidentaux.<\/span><\/p>\n<p><span style=\"font-size:18px\">Cependant, ce qui est nouveau dans ces d&eacute;clarations r&eacute;centes, c&#8217;est l&#8217;intention de cibler sp&eacute;cifiquement les sunnites avec la distorsion et la diffamation, et ils sont le grand public de la nation et ceux qui ont &eacute;crit l&#8217;histoire de l&#8217;islam et r&eacute;pandu sa civilisation, et ils sont la grande majorit&eacute; des musulmans et la profondeur humaine et historique de la religion de l&#8217;islam<\/span><\/p>\n<p><span style=\"font-size:18px\">Avec ces d&eacute;clarations agressives et provocatrices, qui associent le nom de l&#8217;islam et du public musulman au terrorisme, le ministre fran&ccedil;ais de l&#8217;Int&eacute;rieur exprime une psych&eacute; fanatique, une &eacute;troitesse d&#8217;esprit politique et un complexe &agrave; prouver l&#8217;authenticit&eacute; culturelle et la puret&eacute; ethnique fran&ccedil;aises. r&eacute;v&egrave;lent l&#8217;approche du minimalisme inh&eacute;rente &agrave; la culture d&#8217;un groupe d&#8217;&eacute;lites politiques fran&ccedil;aises qui pr&eacute;tend d&eacute;fendre la libert&eacute; et les droits de l&#8217;homme, traite ensuite les musulmans avec injustice et arrogance, viole leurs droits humains, se moque de leurs sentiments religieux, et cherche &agrave; les assi&eacute;ger et &agrave; les repousser. les mettre dans un coin.<\/span><\/p>\n<p><span style=\"font-size:18px\">La tentative d&#8217;isoler les musulmans du reste de la soci&eacute;t&eacute; fran&ccedil;aise, et de les traiter avec l&eacute;g&egrave;ret&eacute; et deux poids deux mesures, vise &agrave; construire des barri&egrave;res psychologiques qui emp&ecirc;chent les relations humaines entre eux et les autres, et les emp&ecirc;chent de conna&icirc;tre la religion de l&#8217;Islam, et sa lumi&egrave;re atteignant les c&oelig;urs dans une atmosph&egrave;re de coexistence, de tranquillit&eacute; et de dialogue civilis&eacute; constructif.Cette mesquinerie et ces deux poids deux mesures sont apparus dans l&#8217;activit&eacute; du ministre fran&ccedil;ais d&egrave;s le premier jour, lorsqu&#8217;il a commenc&eacute; &agrave; prendre ses fonctions en 2020 en visitant les plus grandes synagogues de Paris. , et d&eacute;clarant qu&#8217;&quot;une attaque contre les Juifs de France est une attaque contre la R&eacute;publique&quot;, mais il n&#8217;a jamais trait&eacute; &eacute;quitablement les musulmans, il les a plut&ocirc;t incit&eacute;s &agrave; l&#8217;hostilit&eacute;. En 2021, il a dirig&eacute; la commercialisation du projet de loi notoire, qui &eacute;tait connu dans les m&eacute;dias sous le nom de &quot;loi islamique sur le s&eacute;paratisme&quot;., qui est une loi fran&ccedil;aise injuste, accusant les musulmans fran&ccedil;ais d&#8217;esprit s&eacute;paratiste, et restreignant leur libert&eacute; d&#8217;expression, de culte, d&#8217;&eacute;ducation, d&#8217;habillement, et en prot&eacute;geant leurs enfants des abominations qui envahissent le corps social fran&ccedil;ais et europ&eacute;en<\/span><\/p>\n<p><span style=\"font-size:18px\">Les savants musulmans et leurs institutions signataires de cette d&eacute;claration :<\/span><\/p>\n<p><span style=\"font-size:18px\">1. Il rejette cat&eacute;goriquement le lien entre le terrorisme et l&#8217;islam, selon le ministre fran&ccedil;ais de l&#8217;Int&eacute;rieur (G&eacute;rald Darmanin), ou entre le terrorisme et tous les musulmans des sunnites et de la communaut&eacute;.<\/span><\/p>\n<p><span style=\"font-size:18px\">2. Les &eacute;lites politiques fran&ccedil;aises appellent &agrave; abandonner l&#8217;arrogance culturelle dans les relations avec les musulmans et &agrave; respecter la religion de l&#8217;islam, ses croyances et ses valeurs, et les autres religions sur un pied d&#8217;&eacute;galit&eacute;<br \/>\n3. Il confirme que la pr&eacute;sence islamique en France est une pr&eacute;sence l&eacute;gale, l&eacute;gitime et permanente parmi les composantes fondamentales de la France, malgr&eacute; les nez qui alimentent le conflit des religions et des civilisations.<\/span><\/p>\n<p><span style=\"font-size:18px\">4. &nbsp;Il Appelle les musulmans fran&ccedil;ais et occidentaux &agrave; s&#8217;engager dans l&#8217;action politique, &agrave; faire entendre leur voix, &agrave; intensifier leur pr&eacute;sence dans l&#8217;espace public et &agrave; recourir &agrave; la loi et &agrave; la justice en r&eacute;ponse aux positions biais&eacute;es et aux propos provocateurs.<\/span><\/p>\n<p><span style=\"font-size:18px\">5. &nbsp;Il &nbsp;Appelle les musulmans du monde &agrave; rester fermes face &agrave; la diversion fran&ccedil;aise, et &agrave; affronter les campagnes de salissage et de diffamation fran&ccedil;aises, par tous les moyens pacifiques et l&eacute;gaux.<\/span><\/p>\n<p><span style=\"font-size:18px\">Enfin, nous rappelons au ministre (G&eacute;rald Darmanin) et aux autres dirigeants d&#8217;extr&ecirc;me droite que ces d&eacute;clarations provocatrices ne feront qu&#8217;accro&icirc;tre la fragmentation de la soci&eacute;t&eacute; fran&ccedil;aise et nuire &agrave; l&#8217;ensemble des musulmans de France, et aux deux milliards de musulmans dans le monde, et qu&#8217;elle entra&icirc;ner des r&eacute;sultats n&eacute;gatifs dans tous les aspects politiques, &eacute;conomiques et sociaux. Dieu est derri&egrave;re l&#8217;intention, et Il est le &nbsp;Guide, que le chemin<\/span><\/p>\n<p>\n<span style=\"font-size:18px\">Signataires :<\/span><\/p>\n<p><span style=\"font-size:18px\">1. L&#8217;Union internationale des savants musulmans<\/span><\/p>\n<p><span style=\"font-size:18px\">2. L&#8217;Organisation internationale de soutien au proph&egrave;te de l&#8217;Islam<\/span><\/p>\n<p><span style=\"font-size:18px\">3. Maison Fatwa libyenne<\/span><\/p>\n<p><span style=\"font-size:18px\">4. L&#8217;Union des savants et des &eacute;coles islamiques, T&uuml;rkiye<\/span><\/p>\n<p><span style=\"font-size:18px\">5. Conseil des Pr&ecirc;cheurs au Liban<\/span><\/p>\n<p><span style=\"font-size:18px\">6. Dar Al-Quran et Hadith, Am&eacute;rique&nbsp;<\/span><\/p>\n<p><span style=\"font-size:18px\">7. Forum des universitaires<\/span><\/p>\n<p><span style=\"font-size:18px\">8. Association des universitaires palestiniens<\/span><\/p>\n<p><span style=\"font-size:18px\">&nbsp;9. Association des savants sunnites<\/span><\/p>\n<p><span style=\"font-size:18px\">&nbsp;10. Le complexe des califes bien guid&eacute;s<\/span><\/p>\n<p><span style=\"font-size:18px\">11. L&#8217;Association des Imams et Pr&ecirc;cheurs du S&eacute;n&eacute;gal<\/span><\/p>\n<p><span style=\"font-size:18px\">12. Centre de formation des boursiers en Mauritanie<\/span><\/p>\n<p><span style=\"font-size:18px\">13. Association des savants musulmans en Irak<\/span><\/p>\n<p><span style=\"font-size:18px\">14. Association des savants musulmans au Liban<\/span><\/p>\n<p><span style=\"font-size:18px\">15. Dotation pour la Maison de Da&#8217;wa et des pr&eacute;dicateurs au Liban<\/span><\/p>\n<p><span style=\"font-size:18px\">16. Association des savants musulmans<\/span><\/p>\n<p><span style=\"font-size:18px\">17. Association des imams, pr&eacute;dicateurs et appelants d&#8217;Irak<\/span><\/p>\n<p><span style=\"font-size:18px\">&nbsp;18. L&#8217;Association internationale des juristes de la Nation<\/span><\/p>\n<p><span style=\"font-size:18px\">19. Association des universitaires palestiniens<\/span><\/p>\n<p><span style=\"font-size:18px\">20. Conseil islamique syrien<\/span><\/p>\n<p><span style=\"font-size:18px\">21. Association des savants syriens<\/span><\/p>\n<p><span style=\"font-size:18px\">22. Organisation d&#8217;une nation<\/span><\/p>\n<p><span style=\"font-size:18px\">23. Association des Savants Maghr&eacute;bins<\/span><\/p>\n<p><span style=\"font-size:18px\">24. Association des universitaires de Malaisie<\/span><\/p>\n<p><span style=\"font-size:18px\">25. Association des universitaires du Y&eacute;men<\/span><\/p>\n<p><span style=\"font-size:18px\">26. L&#8217;Association des universitaires libyens<\/span><\/p>\n<p><span style=\"font-size:18px\">27. Association des universitaires &eacute;rythr&eacute;ens&nbsp;<\/span><\/p>\n<p><span style=\"font-size:18px\">28. Shura Council of Scholars of the Islamic Party in Malaysia<\/span><\/p>\n<p><span style=\"font-size:18px\">29. Soci&eacute;t&eacute; de l&#8217;Union islamique &#8211; Liban<\/span><\/p>\n<p><span style=\"font-size:18px\">30. Groupe Abd al-Rahman&nbsp;au&nbsp;S&eacute;n&eacute;gal<\/span><\/p>\n","protected":false},"excerpt":{"rendered":"<p>es organisations et \u00a0les institutions des savants musulmans qui ont sign\u00e9 cette d\u00e9claration ont fait suite aux d\u00e9clarations agressives du ministre fran\u00e7ais de l&#8217;Int\u00e9rieur (G\u00e9rald Darmanan) vendredi dernier (20-05-2023)<\/p>\n","protected":false},"author":0,"featured_media":93539,"comment_status":"open","ping_status":"open","sticky":false,"template":"","format":"standard","meta":{"_acf_changed":false,"footnotes":""},"categories":[415],"tags":[],"class_list":["post-91005","post","type-post","status-publish","format-standard","has-post-thumbnail","hentry","category-our-news-fr"],"acf":[],"_links":{"self":[{"href":"https:\/\/iumsonline.cloud\/fr\/wp-json\/wp\/v2\/posts\/91005","targetHints":{"allow":["GET"]}}],"collection":[{"href":"https:\/\/iumsonline.cloud\/fr\/wp-json\/wp\/v2\/posts"}],"about":[{"href":"https:\/\/iumsonline.cloud\/fr\/wp-json\/wp\/v2\/types\/post"}],"replies":[{"embeddable":true,"href":"https:\/\/iumsonline.cloud\/fr\/wp-json\/wp\/v2\/comments?post=91005"}],"version-history":[{"count":0,"href":"https:\/\/iumsonline.cloud\/fr\/wp-json\/wp\/v2\/posts\/91005\/revisions"}],"wp:featuredmedia":[{"embeddable":true,"href":"https:\/\/iumsonline.cloud\/fr\/wp-json\/wp\/v2\/media\/93539"}],"wp:attachment":[{"href":"https:\/\/iumsonline.cloud\/fr\/wp-json\/wp\/v2\/media?parent=91005"}],"wp:term":[{"taxonomy":"category","embeddable":true,"href":"https:\/\/iumsonline.cloud\/fr\/wp-json\/wp\/v2\/categories?post=91005"},{"taxonomy":"post_tag","embeddable":true,"href":"https:\/\/iumsonline.cloud\/fr\/wp-json\/wp\/v2\/tags?post=91005"}],"curies":[{"name":"wp","href":"https:\/\/api.w.org\/{rel}","templated":true}]}}