{"id":90913,"date":"2024-11-09T00:00:00","date_gmt":"2024-11-09T00:00:00","guid":{"rendered":"https:\/\/iumsonline.cloud\/2024\/11\/09\/lunion-internationale-des-savants-musulmans-les-prisonnieres-honorables-appellent-a-laide-o-mutasim-ou-est-la-fierte-de-lislam-et-la-noblesse-et-la-bravoure-de-lhumanite-declaration\/"},"modified":"2024-11-09T00:00:00","modified_gmt":"2024-11-09T00:00:00","slug":"lunion-internationale-des-savants-musulmans-les-prisonnieres-honorables-appellent-a-laide-o-mutasim-ou-est-la-fierte-de-lislam-et-la-noblesse-et-la-bravoure-de-lhumanite-declaration","status":"publish","type":"post","link":"https:\/\/iumsonline.cloud\/fr\/2024\/11\/09\/lunion-internationale-des-savants-musulmans-les-prisonnieres-honorables-appellent-a-laide-o-mutasim-ou-est-la-fierte-de-lislam-et-la-noblesse-et-la-bravoure-de-lhumanite-declaration\/","title":{"rendered":"L&#8217;Union Internationale des Savants Musulmans : Les prisonni\u00e8res honorables appellent \u00e0 l&#8217;aide : (\u00d4 Mu&#8217;tasim !), o\u00f9 est la fiert\u00e9 de l&#8217;Islam, et la noblesse et la bravoure de l&#8217;humanit\u00e9 ? (D\u00e9claration)"},"content":{"rendered":"<p class=\"MsoNormal\" style=\"margin: 0cm; font-size: 12pt; font-family: Aptos, sans-serif;\"><b><span style=\"color: red;\">L&#8217;Union Internationale des Savants Musulmans : Les prisonni\u00e8res honorables appellent \u00e0 l&#8217;aide : (\u00d4 Mu&#8217;tasim !), o\u00f9 est la fiert\u00e9 de l&#8217;Islam, et la noblesse et la bravoure de l&#8217;humanit\u00e9 ? (D\u00e9claration)<o:p><\/o:p><\/span><\/b><\/p>\n<p class=\"MsoNormal\" style=\"margin: 0cm; font-size: 12pt; font-family: Aptos, sans-serif;\"><o:p>&nbsp;<\/o:p><\/p>\n<p class=\"MsoNormal\" style=\"margin: 0cm; font-size: 12pt; font-family: Aptos, sans-serif;\">L&#8217;Union adresse un message \u00e0 sa nation, aux dirigeants et aux peuples, et \u00e0 toute l&#8217;humanit\u00e9 pour sauver nos s\u0153urs honorables emprisonn\u00e9es dans les ge\u00f4les de l&#8217;occupation, dont l&#8217;agression a d\u00e9pass\u00e9 toutes les valeurs humaines, c\u00e9lestes et les lois internationales.<o:p><\/o:p><\/p>\n<p class=\"MsoNormal\" style=\"margin: 0cm; font-size: 12pt; font-family: Aptos, sans-serif;\"><o:p>&nbsp;<\/o:p><\/p>\n<p class=\"MsoNormal\" style=\"margin: 0cm; font-size: 12pt; font-family: Aptos, sans-serif;\">Nous leur disons \u00e0 tous : est-ce que tous ces crimes, ce g\u00e9nocide, cette destruction et cette humiliation, n&#8217;ont-ils pas suffi pour \u00e9veiller vos consciences, mobiliser vos arm\u00e9es, ou annoncer un boycott \u00e9conomique qui pousserait le monde \u00e0 arr\u00eater l&#8217;agression sioniste injuste ?<o:p><\/o:p><\/p>\n<p class=\"MsoNormal\" style=\"margin: 0cm; font-size: 12pt; font-family: Aptos, sans-serif;\"><o:p>&nbsp;<\/o:p><\/p>\n<p class=\"MsoNormal\" style=\"margin: 0cm; font-size: 12pt; font-family: Aptos, sans-serif;\">Gaza est compl\u00e8tement an\u00e9antie, du nord au sud, la Cisjordanie voit ses habitants viol\u00e9s, ses enfants tu\u00e9s, et la mosqu\u00e9e Al-Aqsa est profan\u00e9e par les criminels sionistes.<o:p><\/o:p><\/p>\n<p class=\"MsoNormal\" style=\"margin: 0cm; font-size: 12pt; font-family: Aptos, sans-serif;\"><o:p>&nbsp;<\/o:p><\/p>\n<p class=\"MsoNormal\" style=\"margin: 0cm; font-size: 12pt; font-family: Aptos, sans-serif;\">Le Liban aussi est d\u00e9truit, an\u00e9anti, et son peuple est tu\u00e9 en pleine lumi\u00e8re, sans aucune r\u00e9action.<o:p><\/o:p><\/p>\n<p class=\"MsoNormal\" style=\"margin: 0cm; font-size: 12pt; font-family: Aptos, sans-serif;\"><o:p>&nbsp;<\/o:p><\/p>\n<p class=\"MsoNormal\" style=\"margin: 0cm; font-size: 12pt; font-family: Aptos, sans-serif;\">Nos s\u0153urs captives dans les prisons de l&#8217;occupation sont cibl\u00e9es, leurs abayas, leurs voiles et leurs niqabs sont confisqu\u00e9s pour les blesser et les humilier encore plus, violant leur dignit\u00e9.<o:p><\/o:p><\/p>\n<p class=\"MsoNormal\" style=\"margin: 0cm; font-size: 12pt; font-family: Aptos, sans-serif;\"><o:p>&nbsp;<\/o:p><\/p>\n<p class=\"MsoNormal\" style=\"margin: 0cm; font-size: 12pt; font-family: Aptos, sans-serif;\">Les prisonniers, et en particulier les prisonni\u00e8res, subissent des conditions tragiques dans les prisons de l&#8217;occupation, avec des fouilles abusives quotidiennes, la privation de tous les droits humains, y compris la nourriture, les m\u00e9dicaments, les v\u00eatements et les couvertures. L&#8217;occupation vise ainsi \u00e0 tuer leur esprit, voire leur corps, d&#8217;une mani\u00e8re qui fait frissonner la peau et d\u00e9chire le c\u0153ur des croyants et des \u00eatres humains.<o:p><\/o:p><\/p>\n<p class=\"MsoNormal\" style=\"margin: 0cm; font-size: 12pt; font-family: Aptos, sans-serif;\"><o:p>&nbsp;<\/o:p><\/p>\n<p class=\"MsoNormal\" style=\"margin: 0cm; font-size: 12pt; font-family: Aptos, sans-serif;\">Ainsi, l&#8217;Union appelle sa nation \u00e0 entreprendre une action efficace pour emp\u00eacher cette agression, conform\u00e9ment \u00e0 ce qu&#8217;elle a mentionn\u00e9 dans ses d\u00e9clarations, en utilisant tous les moyens l\u00e9gitimes contre l&#8217;occupation criminelle et injuste.<o:p><\/o:p><\/p>\n<p class=\"MsoNormal\" style=\"margin: 0cm; font-size: 12pt; font-family: Aptos, sans-serif;\"><o:p>&nbsp;<\/o:p><\/p>\n<p class=\"MsoNormal\" style=\"margin: 0cm; font-size: 12pt; font-family: Aptos, sans-serif;\">L&#8217;Union invite \u00e9galement toutes les consciences vivantes, les organisations des droits de l&#8217;homme, les organisations humanitaires, internationales et mondiales \u00e0 intervenir pour emp\u00eacher ces crimes contre l&#8217;humanit\u00e9, qui contredisent toutes les valeurs religieuses et humaines.<o:p><\/o:p><\/p>\n<p class=\"MsoNormal\" style=\"margin: 0cm; font-size: 12pt; font-family: Aptos, sans-serif;\"><o:p>&nbsp;<\/o:p><\/p>\n<p class=\"MsoNormal\" style=\"margin: 0cm; font-size: 12pt; font-family: Aptos, sans-serif;\">Les occupants sionistes ne sont pas rassasi\u00e9s du sang de dizaines de milliers d&#8217;enfants, de femmes et de civils, ils ne se contentent pas de tout ce qu&#8217;ils ont d\u00e9truit et de tous ces crimes, car ils n&#8217;ont rencontr\u00e9 aucun obstacle ; l&#8217;Am\u00e9rique et certains pays europ\u00e9ens continuent de soutenir l&#8217;occupation sioniste injuste avec toutes les ressources financi\u00e8res et les armes mortelles. Dieu n&#8217;est pas inattentif \u00e0 ce que font les injustes : \u00ab Dieu n\u2019est point inattentif \u00e0 ce qu\u2019ils font \u00bb [Al-Baqara : 144] et \u00ab Ne pense pas que Dieu soit inattentif \u00e0 ce que font les injustes \u00bb [Ibrahim : 42].<o:p><\/o:p><\/p>\n<p class=\"MsoNormal\" style=\"margin: 0cm; font-size: 12pt; font-family: Aptos, sans-serif;\"><o:p>&nbsp;<\/o:p><\/p>\n<p class=\"MsoNormal\" style=\"margin: 0cm; font-size: 12pt; font-family: Aptos, sans-serif;\">Vendredi, 6 Jumada al-Akhirah 1446H<o:p><\/o:p><\/p>\n<p class=\"MsoNormal\" style=\"margin: 0cm; font-size: 12pt; font-family: Aptos, sans-serif;\"><o:p>&nbsp;<\/o:p><\/p>\n<p class=\"MsoNormal\" style=\"margin: 0cm; font-size: 12pt; font-family: Aptos, sans-serif;\">Correspondant au 8 novembre 2024<span lang=\"AR-SA\" dir=\"RTL\" style=\"font-family: Arial, sans-serif;\"><o:p><\/o:p><\/span><\/p>\n<p class=\"MsoNormal\" style=\"margin: 0cm; font-size: 12pt; font-family: Aptos, sans-serif;\"><span lang=\"AR-SA\" dir=\"RTL\" style=\"font-family: Arial, sans-serif;\"><o:p>&nbsp;<\/o:p><\/span><\/p>\n<p class=\"MsoNormal\" style=\"margin: 0cm; font-size: 12pt; font-family: Aptos, sans-serif;\"><span lang=\"AR-SA\" dir=\"RTL\" style=\"font-family: Arial, sans-serif;\"><o:p>&nbsp;<\/o:p><\/span><\/p>\n<p class=\"MsoNormal\" style=\"margin: 0cm; font-size: 12pt; font-family: Aptos, sans-serif;\"><o:p>&nbsp;<\/o:p><\/p>\n<p class=\"MsoNormal\" style=\"margin: 0cm; font-size: 12pt; font-family: Aptos, sans-serif;\"><o:p>&nbsp;<\/o:p><\/p>\n<p class=\"MsoNormal\" style=\"margin: 0cm; font-size: 12pt; font-family: Aptos, sans-serif;\">Dr. Ali Muhammad Al-Sallabi&nbsp;&nbsp;&nbsp;&nbsp;&nbsp;&nbsp;&nbsp;&nbsp;&nbsp;&nbsp;&nbsp;&nbsp;&nbsp;&nbsp;&nbsp;&nbsp;&nbsp; <span dir=\"RTL\"><\/span><span dir=\"RTL\"><\/span><span lang=\"AR-SA\" dir=\"RTL\" style=\"font-family: Arial, sans-serif;\"><span dir=\"RTL\"><\/span><span dir=\"RTL\"><\/span>&nbsp;&nbsp;&nbsp;&nbsp;&nbsp;&nbsp;&nbsp;&nbsp;&nbsp;&nbsp;&nbsp;&nbsp;&nbsp;<\/span><span dir=\"LTR\"><\/span><span dir=\"LTR\"><\/span><span dir=\"LTR\"><\/span><span dir=\"LTR\"><\/span>&nbsp;&nbsp;&nbsp;&nbsp;&nbsp;&nbsp;&nbsp;&nbsp;&nbsp;&nbsp;Prof. Dr. Ali Mohiuddin Al-Qaradaghi&nbsp;<o:p><\/o:p><\/p>\n<p class=\"MsoNormal\" style=\"margin: 0cm; font-size: 12pt; font-family: Aptos, sans-serif;\"><span dir=\"RTL\"><\/span><span dir=\"RTL\"><\/span><span lang=\"AR-SA\" dir=\"RTL\" style=\"font-family: Arial, sans-serif;\"><span dir=\"RTL\"><\/span><span dir=\"RTL\"><\/span>&nbsp;&nbsp;&nbsp;&nbsp; <\/span>Secr\u00e9taire g\u00e9n\u00e9ral&nbsp;&nbsp;&nbsp;&nbsp;&nbsp;&nbsp;&nbsp;&nbsp;&nbsp;&nbsp;&nbsp;&nbsp;&nbsp;&nbsp;&nbsp;&nbsp;&nbsp;&nbsp;&nbsp;&nbsp;&nbsp;&nbsp;&nbsp;&nbsp;&nbsp;&nbsp;&nbsp;&nbsp;&nbsp;&nbsp;&nbsp;&nbsp;&nbsp;&nbsp;&nbsp;&nbsp;&nbsp;&nbsp;&nbsp; <span dir=\"RTL\"><\/span><span dir=\"RTL\"><\/span><span lang=\"AR-SA\" dir=\"RTL\" style=\"font-family: Arial, sans-serif;\"><span dir=\"RTL\"><\/span><span dir=\"RTL\"><\/span>&nbsp;&nbsp;&nbsp;&nbsp;&nbsp;&nbsp;&nbsp;&nbsp;&nbsp;&nbsp;&nbsp;&nbsp;&nbsp;&nbsp;&nbsp;&nbsp;&nbsp;&nbsp;&nbsp;&nbsp;&nbsp;&nbsp;&nbsp;&nbsp;&nbsp;&nbsp;&nbsp;&nbsp;&nbsp;&nbsp;&nbsp;&nbsp;&nbsp;<\/span><span dir=\"LTR\"><\/span><span dir=\"LTR\"><\/span><span dir=\"LTR\"><\/span><span dir=\"LTR\"><\/span>&nbsp;&nbsp;&nbsp;&nbsp;&nbsp;&nbsp;Pr\u00e9sident<o:p><\/o:p><\/p>\n","protected":false},"excerpt":{"rendered":"<p>L&#8217;Union Internationale des Savants Musulmans : Les prisonni\u00e8res honorables appellent \u00e0 l&#8217;aide : (\u00d4 Mu&#8217;tasim !), o\u00f9 est la fiert\u00e9 de l&#8217;Islam, et la noblesse et la bravoure de l&#8217;humanit\u00e9&#8230;<\/p>\n","protected":false},"author":0,"featured_media":91160,"comment_status":"open","ping_status":"open","sticky":false,"template":"","format":"standard","meta":{"_acf_changed":false,"footnotes":""},"categories":[415],"tags":[],"class_list":["post-90913","post","type-post","status-publish","format-standard","has-post-thumbnail","hentry","category-our-news-fr"],"acf":[],"_links":{"self":[{"href":"https:\/\/iumsonline.cloud\/fr\/wp-json\/wp\/v2\/posts\/90913","targetHints":{"allow":["GET"]}}],"collection":[{"href":"https:\/\/iumsonline.cloud\/fr\/wp-json\/wp\/v2\/posts"}],"about":[{"href":"https:\/\/iumsonline.cloud\/fr\/wp-json\/wp\/v2\/types\/post"}],"replies":[{"embeddable":true,"href":"https:\/\/iumsonline.cloud\/fr\/wp-json\/wp\/v2\/comments?post=90913"}],"version-history":[{"count":0,"href":"https:\/\/iumsonline.cloud\/fr\/wp-json\/wp\/v2\/posts\/90913\/revisions"}],"wp:featuredmedia":[{"embeddable":true,"href":"https:\/\/iumsonline.cloud\/fr\/wp-json\/wp\/v2\/media\/91160"}],"wp:attachment":[{"href":"https:\/\/iumsonline.cloud\/fr\/wp-json\/wp\/v2\/media?parent=90913"}],"wp:term":[{"taxonomy":"category","embeddable":true,"href":"https:\/\/iumsonline.cloud\/fr\/wp-json\/wp\/v2\/categories?post=90913"},{"taxonomy":"post_tag","embeddable":true,"href":"https:\/\/iumsonline.cloud\/fr\/wp-json\/wp\/v2\/tags?post=90913"}],"curies":[{"name":"wp","href":"https:\/\/api.w.org\/{rel}","templated":true}]}}