{"id":89585,"date":"2016-08-01T00:00:00","date_gmt":"2016-08-01T00:00:00","guid":{"rendered":"https:\/\/iumsonline.cloud\/2016\/08\/01\/al-qara-dawi-presente-un-discours-sur-la-jurisprudence-de-la-realite-a-la-conference-mondiale-for-shbab-a-istanbul\/"},"modified":"2016-08-01T00:00:00","modified_gmt":"2016-08-01T00:00:00","slug":"al-qara-dawi-presente-un-discours-sur-la-jurisprudence-de-la-realite-a-la-conference-mondiale-for-shbab-a-istanbul","status":"publish","type":"post","link":"https:\/\/iumsonline.cloud\/fr\/2016\/08\/01\/al-qara-dawi-presente-un-discours-sur-la-jurisprudence-de-la-realite-a-la-conference-mondiale-for-shbab-a-istanbul\/","title":{"rendered":"Al Qara Dawi pr\u00e9sente un discours sur la jurisprudence de la r\u00e9alit\u00e9 \u00e0 la conf\u00e9rence mondiale &#8220;For Shbab&#8221; \u00e0 Istanbul"},"content":{"rendered":"<p>Sheikh Yusuf al-Qaradawi a d&eacute;livr&eacute; un discours sur &laquo;la jurisprudence de la r&eacute;alit&eacute; &raquo; durant la septi&egrave;me conf&eacute;rence de &laquo; For Shbab &raquo; organis&eacute;e &agrave; Istanbul sous le titre de &laquo;la r&eacute;alit&eacute; contemporaine .. Comment le comprenons-nous et nous le vivons?&quot;<\/p>\n<p>Durant sa conf&eacute;rence, hier, le pr&eacute;sident de l&#39;UISM a guid&eacute; &agrave; la n&eacute;cessit&eacute; de conna&icirc;tre la r&eacute;alit&eacute; dans laquelle nous vivons, nous n&rsquo;en sommes pas loin mais dans son c&oelig;ur, o&ugrave; l&#39;islam nous impose de conna&icirc;tre et comprendre notre r&eacute;alit&eacute;, et que nous offrons le bon pour le monde qui nous entoure, en soulignant que le culte est tout ce que Dieu veut, et que l&#39;homme aime pour le bien de l&#39;humanit&eacute;, pas seulement la pri&egrave;re et la louange, et voici ce que Muhammad a apport&eacute; la paix soit sur lui.<\/p>\n<p>Son &eacute;minence a appel&eacute; les jeunes &agrave; travailler ; Dieu a cr&eacute;&eacute; l&#39;homme pour &ecirc;tre un facteur &laquo;et non pas un dormeur&raquo; et pas de congr&eacute;gation dans de l&#39;Islam, quand les musulmans comprennent cette v&eacute;rit&eacute; le monde en sera &agrave; eux.<\/p>\n<p>Il a soulign&eacute; que nous devons utiliser nos enfants pour savoir comment tirer parti de nos patries .. Comment nos enfants vont travailler en notre faveur .. comment les autres ne vont pas se moquer d&rsquo;eux pour nous tuer.<\/p>\n<p>Son &eacute;minence a soulign&eacute; il est bien n&eacute;cessaire que celui qui va travailler pour l&#39;Islam doit savoir comment travailler la terre de l&#39;Islam .. &quot;Connais ta terre.. s&egrave;me ta terre .. Cr&eacute;&eacute; ta terre.&quot;<\/p>\n<p>Exposition de livres<\/p>\n<p>Son &eacute;minence a visit&eacute; l&rsquo;exposition international de livres en Istanbul, o&ugrave; il a pass&eacute; dans ses diff&eacute;rentes parties et parcourut un certain nombre de titres, et acquis certains d&#39;entre eux.<\/p>\n<p>Son &eacute;minence a salu&eacute; ses fils et disciples du public de l&#39;exposition comme fr&egrave;res Turcs et d&rsquo;autres de diff&eacute;rentes nationalit&eacute;s.<\/p>\n<p>Il est &agrave; noter que, l&#39;organisation For Shbab mondiale est fond&eacute;e en 2009 et a commenc&eacute; ses travaux &nbsp;en Arabie Saoudite et au Bahre&iuml;n, pour s&rsquo;&eacute;largir et couvrir plus de 17 pays.<\/p>\n<p>Le travail de l&#39;organisation comprend un certain nombre de projets ambitieux, tels que : le centre de la future jeunesse pour la recherche et le d&eacute;veloppement, la chaine satellite For Shbab, le Prix mondial de la jeunesse, le magazine For Shbab ainsi que des formations et des voyages, des conf&eacute;rences et des campagnes de sensibilisation et de divers programmes<\/p>\n","protected":false},"excerpt":{"rendered":"<p><br\/\/><br\/\/>Sheikh Yusuf al-Qaradawi a d\u00e9livr\u00e9 un discours sur \u00abla jurisprudence de la r\u00e9alit\u00e9 \u00bb durant la septi\u00e8me conf\u00e9rence de \u00ab For Shbab \u00bb organis\u00e9e \u00e0 Istanbul sous le titre de \u00abla<\/p>\n","protected":false},"author":0,"featured_media":49089,"comment_status":"open","ping_status":"open","sticky":false,"template":"","format":"standard","meta":{"_acf_changed":false,"footnotes":""},"categories":[421],"tags":[],"class_list":["post-89585","post","type-post","status-publish","format-standard","has-post-thumbnail","hentry","category-union-activities-fr"],"acf":[],"_links":{"self":[{"href":"https:\/\/iumsonline.cloud\/fr\/wp-json\/wp\/v2\/posts\/89585","targetHints":{"allow":["GET"]}}],"collection":[{"href":"https:\/\/iumsonline.cloud\/fr\/wp-json\/wp\/v2\/posts"}],"about":[{"href":"https:\/\/iumsonline.cloud\/fr\/wp-json\/wp\/v2\/types\/post"}],"replies":[{"embeddable":true,"href":"https:\/\/iumsonline.cloud\/fr\/wp-json\/wp\/v2\/comments?post=89585"}],"version-history":[{"count":0,"href":"https:\/\/iumsonline.cloud\/fr\/wp-json\/wp\/v2\/posts\/89585\/revisions"}],"wp:featuredmedia":[{"embeddable":true,"href":"https:\/\/iumsonline.cloud\/fr\/wp-json\/wp\/v2\/media\/49089"}],"wp:attachment":[{"href":"https:\/\/iumsonline.cloud\/fr\/wp-json\/wp\/v2\/media?parent=89585"}],"wp:term":[{"taxonomy":"category","embeddable":true,"href":"https:\/\/iumsonline.cloud\/fr\/wp-json\/wp\/v2\/categories?post=89585"},{"taxonomy":"post_tag","embeddable":true,"href":"https:\/\/iumsonline.cloud\/fr\/wp-json\/wp\/v2\/tags?post=89585"}],"curies":[{"name":"wp","href":"https:\/\/api.w.org\/{rel}","templated":true}]}}