{"id":89546,"date":"2024-05-13T11:53:06","date_gmt":"2024-05-13T11:53:06","guid":{"rendered":"https:\/\/iumsonline.cloud\/2024\/05\/13\/le-president-de-lunion-se-rend-a-istanbul-pour-assister-au-sommet-consultatif-des-savants-du-monde-islamique\/"},"modified":"2024-05-13T11:53:06","modified_gmt":"2024-05-13T11:53:06","slug":"le-president-de-lunion-se-rend-a-istanbul-pour-assister-au-sommet-consultatif-des-savants-du-monde-islamique","status":"publish","type":"post","link":"https:\/\/iumsonline.cloud\/fr\/2024\/05\/13\/le-president-de-lunion-se-rend-a-istanbul-pour-assister-au-sommet-consultatif-des-savants-du-monde-islamique\/","title":{"rendered":"Le pr\u00e9sident de l&#8217;Union se rend \u00e0 Istanbul pour assister au sommet consultatif des savants du monde islamique."},"content":{"rendered":"<p dir=\"LTR\" style=\"text-align: left; direction: ltr; unicode-bidi: embed\"><strong><span lang=\"FR\" style=\"font-size: 20pt; line-height: 115%; font-family: &quot;Times New Roman&quot;, serif; color: rgba(0, 176, 240, 1)\">Le pr\u00e9sident de l&#8217;Union se rend \u00e0 Istanbul pour assister au sommet consultatif des savants du monde islamique.<\/span><\/strong><\/p>\n<p dir=\"LTR\" style=\"text-align: justify; direction: ltr; unicode-bidi: embed\"><span dir=\"RTL\" lang=\"AR-SA\" style=\"font-size: 14pt; line-height: 115%; font-family: &quot;Times New Roman&quot;, serif\">&nbsp;<\/span><\/p>\n<p dir=\"LTR\" style=\"text-align: justify; direction: ltr; unicode-bidi: embed\"><span lang=\"FR\" style=\"font-size: 14pt; line-height: 115%; font-family: &quot;Times New Roman&quot;, serif\">Son Excellence, le cheikh Ali al-Qaradaghi, pr\u00e9sident de l&#8217;Union internationale des savants musulmans, a quitt\u00e9 le pays pour se rendre \u00e0 Istanbul, en r\u00e9ponse \u00e0 une invitation officielle du Bureau des affaires religieuses turques pour participer \u00e0 la r\u00e9union &#8220;Sommet consultatif des savants du monde islamique&#8221;. Le but de la conf\u00e9rence est de discuter des voies de collaboration pour faire face aux d\u00e9fis et crises humanitaires et \u00e0 l&#8217;unit\u00e9 de la nation.<\/span><\/p>\n<p dir=\"LTR\" style=\"text-align: justify; direction: ltr; unicode-bidi: embed\"><span dir=\"RTL\" lang=\"AR-SA\" style=\"font-size: 14pt; line-height: 115%; font-family: &quot;Times New Roman&quot;, serif\">&nbsp;<\/span><\/p>\n<p dir=\"LTR\" style=\"text-align: justify; direction: ltr; unicode-bidi: embed\"><span lang=\"FR\" style=\"font-size: 14pt; line-height: 115%; font-family: &quot;Times New Roman&quot;, serif\">Sous le patronage de Son Excellence le pr\u00e9sident de la R\u00e9publique turque, Monsieur Recep Tayyip Erdo\u011fan, le congr\u00e8s d\u00e9butera par un d\u00eener en l&#8217;honneur des invit\u00e9s, auquel participeront de nombreux \u00e9minents savants et intellectuels islamiques du monde entier.<\/span><\/p>\n<p dir=\"LTR\" style=\"text-align: justify; direction: ltr; unicode-bidi: embed\"><span dir=\"RTL\" lang=\"AR-SA\" style=\"font-size: 14pt; line-height: 115%; font-family: &quot;Times New Roman&quot;, serif\">&nbsp;<\/span><\/p>\n<p dir=\"LTR\" style=\"text-align: justify; direction: ltr; unicode-bidi: embed\"><span lang=\"FR\" style=\"font-size: 14pt; line-height: 115%; font-family: &quot;Times New Roman&quot;, serif\">La conf\u00e9rence devrait durer deux jours, avec des discussions ax\u00e9es sur la situation de la nation islamique et les moyens de la guider et de l&#8217;orienter \u00e0 travers les crises actuelles.<\/span><\/p>\n<p dir=\"LTR\" style=\"text-align: justify; direction: ltr; unicode-bidi: embed\"><span dir=\"RTL\" lang=\"AR-SA\" style=\"font-size: 14pt; line-height: 115%; font-family: &quot;Times New Roman&quot;, serif\">&nbsp;<\/span><\/p>\n<p dir=\"LTR\" style=\"text-align: justify; direction: ltr; unicode-bidi: embed\"><span lang=\"FR\" style=\"font-size: 14pt; line-height: 115%; font-family: &quot;Times New Roman&quot;, serif\">Pour sa part, le pr\u00e9sident de l&#8217;Union prononcera un discours d&#8217;ouverture lors de la s\u00e9ance pl\u00e9ni\u00e8re principale de la conf\u00e9rence, exprimant ses aspirations et son analyse de la situation actuelle, et cherchera \u00e0 fournir des contributions constructives pour renforcer la coop\u00e9ration et la solidarit\u00e9 entre les pays du monde islamique face aux&nbsp;d\u00e9fis&nbsp;communs.<\/span><\/p>\n","protected":false},"excerpt":{"rendered":"<p>Son Excellence, le cheikh Ali al-Qaradaghi, pr\u00e9sident de l&#8217;Union internationale des savants musulmans, a quitt\u00e9 le pays pour se rendre \u00e0 Istanbul, en r\u00e9ponse \u00e0 une invitation officielle du Bureau des affaires religieuses turques pour participer \u00e0 la r\u00e9union &#8220;Sommet consultatif des savants du monde islamique&#8221;. Le but de la conf\u00e9rence est de discuter des voies de collaboration pour faire face aux d\u00e9fis et crises humanitaires et \u00e0 l&#8217;unit\u00e9 de la nation.<\/p>\n","protected":false},"author":0,"featured_media":89965,"comment_status":"open","ping_status":"open","sticky":false,"template":"","format":"standard","meta":{"_acf_changed":false,"footnotes":""},"categories":[421],"tags":[],"class_list":["post-89546","post","type-post","status-publish","format-standard","has-post-thumbnail","hentry","category-union-activities-fr"],"acf":[],"_links":{"self":[{"href":"https:\/\/iumsonline.cloud\/fr\/wp-json\/wp\/v2\/posts\/89546","targetHints":{"allow":["GET"]}}],"collection":[{"href":"https:\/\/iumsonline.cloud\/fr\/wp-json\/wp\/v2\/posts"}],"about":[{"href":"https:\/\/iumsonline.cloud\/fr\/wp-json\/wp\/v2\/types\/post"}],"replies":[{"embeddable":true,"href":"https:\/\/iumsonline.cloud\/fr\/wp-json\/wp\/v2\/comments?post=89546"}],"version-history":[{"count":0,"href":"https:\/\/iumsonline.cloud\/fr\/wp-json\/wp\/v2\/posts\/89546\/revisions"}],"wp:featuredmedia":[{"embeddable":true,"href":"https:\/\/iumsonline.cloud\/fr\/wp-json\/wp\/v2\/media\/89965"}],"wp:attachment":[{"href":"https:\/\/iumsonline.cloud\/fr\/wp-json\/wp\/v2\/media?parent=89546"}],"wp:term":[{"taxonomy":"category","embeddable":true,"href":"https:\/\/iumsonline.cloud\/fr\/wp-json\/wp\/v2\/categories?post=89546"},{"taxonomy":"post_tag","embeddable":true,"href":"https:\/\/iumsonline.cloud\/fr\/wp-json\/wp\/v2\/tags?post=89546"}],"curies":[{"name":"wp","href":"https:\/\/api.w.org\/{rel}","templated":true}]}}